{"id":24295,"date":"2024-07-04T21:01:54","date_gmt":"2024-07-05T00:01:54","guid":{"rendered":"https:\/\/radiostudiow.com.br\/site\/?p=24295"},"modified":"2025-01-31T14:59:11","modified_gmt":"2025-01-31T17:59:11","slug":"egua-maltrada-pode-ter-sido-vitima-de-abuso-eutanasia-foi-recomendada","status":"publish","type":"post","link":"https:\/\/radiostudiow.com.br\/site\/2024\/07\/04\/egua-maltrada-pode-ter-sido-vitima-de-abuso-eutanasia-foi-recomendada\/","title":{"rendered":"\u00c9gua maltrada pode ter sido v\u00edtima de abuso, eutan\u00e1sia foi recomendada"},"content":{"rendered":"\n<p>O caso da \u00e9gua v\u00edtima de maus-tratos encontrada em um terreno pr\u00f3ximo ao cemit\u00e9rio de S\u00e3o Crist\u00f3v\u00e3o ganhou grande repercuss\u00e3o nesta quinta-feira, 4, ap\u00f3s fotos pedindo ajuda para o animal debilitado circularem nas redes sociais.<\/p>\n\n\n\n<figure class=\"wp-block-image size-full\"><img loading=\"lazy\" decoding=\"async\" width=\"897\" height=\"204\" src=\"https:\/\/radiostudiow.com.br\/site\/wp-content\/uploads\/2024\/04\/image-38.png\" alt=\"\" class=\"wp-image-21308\" srcset=\"https:\/\/radiostudiow.com.br\/site\/wp-content\/uploads\/2024\/04\/image-38.png 897w, https:\/\/radiostudiow.com.br\/site\/wp-content\/uploads\/2024\/04\/image-38-300x68.png 300w, https:\/\/radiostudiow.com.br\/site\/wp-content\/uploads\/2024\/04\/image-38-768x175.png 768w\" sizes=\"auto, (max-width: 897px) 100vw, 897px\" \/><\/figure>\n\n\n\n<p>D\u00e9bora, como \u00e9 chamada pelo seu dono, sempre permanecia neste local. No entanto, ao verificar o animal na segunda-feira, 1, o propriet\u00e1rio encontrou D\u00e9bora bastante machucada, debilitada e com sinais de abuso. Para agravar a situa\u00e7\u00e3o, a \u00e9gua est\u00e1 prenha.<\/p>\n\n\n\n<p>O propriet\u00e1rio buscou ajuda das autoridades, mas at\u00e9 esta quinta-feira, 4, o animal ainda permanecia no mesmo lugar.<\/p>\n\n\n\n<p>A Defesa Animal de Uni\u00e3o da Vit\u00f3ria informou ao Portal Vvale que estava medicando e acompanhando D\u00e9bora h\u00e1 dois dias.\u00a0Nesta quinta-feira, 4, a eutan\u00e1sia foi sugerida como solu\u00e7\u00e3o.<\/p>\n\n\n\n<figure class=\"wp-block-gallery has-nested-images columns-default is-cropped wp-block-gallery-1 is-layout-flex wp-block-gallery-is-layout-flex\">\n<figure class=\"wp-block-image size-large\"><img decoding=\"async\" data-id=\"21854\" src=\"https:\/\/radiostudiow.com.br\/site\/wp-content\/uploads\/2024\/04\/SITE-MEDIO.png\" alt=\"\" class=\"wp-image-21854\"\/><\/figure>\n<\/figure>\n\n\n\n<p>Na quarta-feira, 3, testemunhas relataram que duas protetoras estavam acompanhando o caso, buscando ajuda e recursos para o tratamento da \u00e9gua.<\/p>\n\n\n\n<p>Nesta quinta-feira, 4, veterin\u00e1rios volunt\u00e1rios foram at\u00e9 o local e, ap\u00f3s avalia\u00e7\u00e3o, conclu\u00edram que a eutan\u00e1sia seria a melhor solu\u00e7\u00e3o devido \u00e0 gravidade dos ferimentos.<\/p>\n","protected":false},"excerpt":{"rendered":"<p>O caso da \u00e9gua v\u00edtima de maus-tratos encontrada em um terreno pr\u00f3ximo ao cemit\u00e9rio de S\u00e3o Crist\u00f3v\u00e3o ganhou grande repercuss\u00e3o nesta quinta-feira, 4, ap\u00f3s fotos pedindo ajuda para o animal debilitado circularem nas redes sociais. D\u00e9bora, como \u00e9 chamada pelo seu dono, sempre permanecia neste local. No entanto, ao verificar o animal na segunda-feira, 1, [&hellip;]<\/p>\n","protected":false},"author":2,"featured_media":24296,"comment_status":"open","ping_status":"open","sticky":false,"template":"","format":"standard","meta":{"footnotes":""},"categories":[185],"tags":[172],"class_list":["post-24295","post","type-post","status-publish","format-standard","has-post-thumbnail","hentry","category-regional","tag-featured"],"amp_enabled":true,"_links":{"self":[{"href":"https:\/\/radiostudiow.com.br\/site\/wp-json\/wp\/v2\/posts\/24295","targetHints":{"allow":["GET"]}}],"collection":[{"href":"https:\/\/radiostudiow.com.br\/site\/wp-json\/wp\/v2\/posts"}],"about":[{"href":"https:\/\/radiostudiow.com.br\/site\/wp-json\/wp\/v2\/types\/post"}],"author":[{"embeddable":true,"href":"https:\/\/radiostudiow.com.br\/site\/wp-json\/wp\/v2\/users\/2"}],"replies":[{"embeddable":true,"href":"https:\/\/radiostudiow.com.br\/site\/wp-json\/wp\/v2\/comments?post=24295"}],"version-history":[{"count":1,"href":"https:\/\/radiostudiow.com.br\/site\/wp-json\/wp\/v2\/posts\/24295\/revisions"}],"predecessor-version":[{"id":24297,"href":"https:\/\/radiostudiow.com.br\/site\/wp-json\/wp\/v2\/posts\/24295\/revisions\/24297"}],"wp:featuredmedia":[{"embeddable":true,"href":"https:\/\/radiostudiow.com.br\/site\/wp-json\/wp\/v2\/media\/24296"}],"wp:attachment":[{"href":"https:\/\/radiostudiow.com.br\/site\/wp-json\/wp\/v2\/media?parent=24295"}],"wp:term":[{"taxonomy":"category","embeddable":true,"href":"https:\/\/radiostudiow.com.br\/site\/wp-json\/wp\/v2\/categories?post=24295"},{"taxonomy":"post_tag","embeddable":true,"href":"https:\/\/radiostudiow.com.br\/site\/wp-json\/wp\/v2\/tags?post=24295"}],"curies":[{"name":"wp","href":"https:\/\/api.w.org\/{rel}","templated":true}]}}