{"id":24310,"date":"2024-07-06T09:11:12","date_gmt":"2024-07-06T12:11:12","guid":{"rendered":"https:\/\/radiostudiow.com.br\/site\/?p=24310"},"modified":"2025-01-31T14:59:10","modified_gmt":"2025-01-31T17:59:10","slug":"policia-militar-prende-individuo-por-posse-ilegal-de-arma-de-fogo","status":"publish","type":"post","link":"https:\/\/radiostudiow.com.br\/site\/2024\/07\/06\/policia-militar-prende-individuo-por-posse-ilegal-de-arma-de-fogo\/","title":{"rendered":"Pol\u00edcia Militar prende indiv\u00edduo por posse ilegal de arma de fogo"},"content":{"rendered":"\n<p>A equipe da Pol\u00edcia Militar de Bituruna recebeu uma den\u00fancia an\u00f4nima que resultou na abordagem de um homem sob suspeita de envolvimento em disparos de arma de fogo e posse ilegal de arma por volta das 21:40 horas desta quinta-feira (04).<\/p>\n\n\n\n<figure class=\"wp-block-image size-large\"><img loading=\"lazy\" decoding=\"async\" width=\"1024\" height=\"390\" src=\"https:\/\/radiostudiow.com.br\/site\/wp-content\/uploads\/2024\/06\/449383450_900410565459867_7398886830294326458_n-1024x390.png\" alt=\"\" class=\"wp-image-24042\" srcset=\"https:\/\/radiostudiow.com.br\/site\/wp-content\/uploads\/2024\/06\/449383450_900410565459867_7398886830294326458_n-1024x390.png 1024w, https:\/\/radiostudiow.com.br\/site\/wp-content\/uploads\/2024\/06\/449383450_900410565459867_7398886830294326458_n-300x114.png 300w, https:\/\/radiostudiow.com.br\/site\/wp-content\/uploads\/2024\/06\/449383450_900410565459867_7398886830294326458_n-768x292.png 768w, https:\/\/radiostudiow.com.br\/site\/wp-content\/uploads\/2024\/06\/449383450_900410565459867_7398886830294326458_n-1536x584.png 1536w, https:\/\/radiostudiow.com.br\/site\/wp-content\/uploads\/2024\/06\/449383450_900410565459867_7398886830294326458_n-2048x779.png 2048w\" sizes=\"auto, (max-width: 1024px) 100vw, 1024px\" \/><\/figure>\n\n\n\n<p>Ap\u00f3s verificar a den\u00fancia, os policiais abordaram o suspeito na regi\u00e3o do Sabi\u00e1, na \u00e1rea rural, que foi encontrado na posse de um rev\u00f3lver calibre .38 especial da marca Taurus, municiado com cinco muni\u00e7\u00f5es intactas.<\/p>\n\n\n\n<p>Diante da evid\u00eancia, o homem recebeu voz de pris\u00e3o e foi conduzido, juntamente com a arma apreendida, para a 4\u00aa Subdivis\u00e3o Policial de Uni\u00e3o da Vit\u00f3ria.<\/p>\n","protected":false},"excerpt":{"rendered":"<p>A equipe da Pol\u00edcia Militar de Bituruna recebeu uma den\u00fancia an\u00f4nima que resultou na abordagem de um homem sob suspeita de envolvimento em disparos de arma de fogo e posse ilegal de arma por volta das 21:40 horas desta quinta-feira (04). Ap\u00f3s verificar a den\u00fancia, os policiais abordaram o suspeito na regi\u00e3o do Sabi\u00e1, na [&hellip;]<\/p>\n","protected":false},"author":2,"featured_media":0,"comment_status":"open","ping_status":"open","sticky":false,"template":"","format":"standard","meta":{"footnotes":""},"categories":[2],"tags":[172],"class_list":["post-24310","post","type-post","status-publish","format-standard","hentry","category-policial","tag-featured"],"amp_enabled":true,"_links":{"self":[{"href":"https:\/\/radiostudiow.com.br\/site\/wp-json\/wp\/v2\/posts\/24310","targetHints":{"allow":["GET"]}}],"collection":[{"href":"https:\/\/radiostudiow.com.br\/site\/wp-json\/wp\/v2\/posts"}],"about":[{"href":"https:\/\/radiostudiow.com.br\/site\/wp-json\/wp\/v2\/types\/post"}],"author":[{"embeddable":true,"href":"https:\/\/radiostudiow.com.br\/site\/wp-json\/wp\/v2\/users\/2"}],"replies":[{"embeddable":true,"href":"https:\/\/radiostudiow.com.br\/site\/wp-json\/wp\/v2\/comments?post=24310"}],"version-history":[{"count":2,"href":"https:\/\/radiostudiow.com.br\/site\/wp-json\/wp\/v2\/posts\/24310\/revisions"}],"predecessor-version":[{"id":24326,"href":"https:\/\/radiostudiow.com.br\/site\/wp-json\/wp\/v2\/posts\/24310\/revisions\/24326"}],"wp:attachment":[{"href":"https:\/\/radiostudiow.com.br\/site\/wp-json\/wp\/v2\/media?parent=24310"}],"wp:term":[{"taxonomy":"category","embeddable":true,"href":"https:\/\/radiostudiow.com.br\/site\/wp-json\/wp\/v2\/categories?post=24310"},{"taxonomy":"post_tag","embeddable":true,"href":"https:\/\/radiostudiow.com.br\/site\/wp-json\/wp\/v2\/tags?post=24310"}],"curies":[{"name":"wp","href":"https:\/\/api.w.org\/{rel}","templated":true}]}}