{"id":24313,"date":"2024-07-06T09:15:15","date_gmt":"2024-07-06T12:15:15","guid":{"rendered":"https:\/\/radiostudiow.com.br\/site\/?p=24313"},"modified":"2025-01-31T14:59:10","modified_gmt":"2025-01-31T17:59:10","slug":"secretaria-de-assistencia-social-de-irati-abre-pss-para-contratacao-de-cuidador-social","status":"publish","type":"post","link":"https:\/\/radiostudiow.com.br\/site\/2024\/07\/06\/secretaria-de-assistencia-social-de-irati-abre-pss-para-contratacao-de-cuidador-social\/","title":{"rendered":"Secretaria de Assist\u00eancia Social de Irati abre PSS para contrata\u00e7\u00e3o de cuidador social"},"content":{"rendered":"\n<p>A Secretaria de Assist\u00eancia Social de Irati abre na pr\u00f3xima ter\u00e7a-feira, 09 de julho, inscri\u00e7\u00f5es para o Processo Seletivo Simplificado (PSS), com o objetivo de contratar um cuidador social.<\/p>\n\n\n\n<figure class=\"wp-block-image size-full\"><img decoding=\"async\" src=\"https:\/\/radiostudiow.com.br\/site\/wp-content\/uploads\/2024\/04\/SITE-MEDIO.png\" alt=\"\" class=\"wp-image-21854\"\/><\/figure>\n\n\n\n<p>O profissional contratado atuar\u00e1 em servi\u00e7os socioassistenciais das secretarias de Assist\u00eancia Social e da Mulher, Crian\u00e7a e Pessoa Idosa. Haver\u00e1 tamb\u00e9m vagas de cadastro de reserva. N\u00e3o ser\u00e1 cobrada taxa de inscri\u00e7\u00e3o.<\/p>\n\n\n\n<p>Os candidatos devem ter no m\u00ednimo 18 anos de idade e Ensino M\u00e9dio completo para se inscreverem. A carga hor\u00e1ria de trabalho semanal ser\u00e1 de 12 horas de trabalho por 36 horas de descanso ou de 24 horas de jornada por 72 de descanso. O sal\u00e1rio inicial ser\u00e1 de R$ 2 mil.<\/p>\n\n\n\n<figure class=\"wp-block-image size-full\"><img loading=\"lazy\" decoding=\"async\" width=\"598\" height=\"204\" src=\"https:\/\/radiostudiow.com.br\/site\/wp-content\/uploads\/2024\/04\/image-39.png\" alt=\"\" class=\"wp-image-21311\" srcset=\"https:\/\/radiostudiow.com.br\/site\/wp-content\/uploads\/2024\/04\/image-39.png 598w, https:\/\/radiostudiow.com.br\/site\/wp-content\/uploads\/2024\/04\/image-39-300x102.png 300w\" sizes=\"auto, (max-width: 598px) 100vw, 598px\" \/><\/figure>\n\n\n\n<p>As inscri\u00e7\u00f5es estar\u00e3o abertas at\u00e9 o dia 31 de julho e poder\u00e3o ser feitas somente presencialmente na Casa dos Conselhos Municipais, na Rua Coronel Pires, 826, nos fundos do Centro Administrativo Municipal (CAM), de segunda a sexta-feira, das 09h \u00e0s 11 horas e das 13h \u00e0s 16 horas. No momento da inscri\u00e7\u00e3o, o candidato deve apresentar os documentos exigidos em edital dentro de um envelope lacrado e assinado nas bordas.<\/p>\n\n\n\n<p>A classifica\u00e7\u00e3o final do PSS ser\u00e1 publicada no dia 12 de setembro, no Di\u00e1rio Oficial do munic\u00edpio e no portal da Prefeitura de Irati.<\/p>\n","protected":false},"excerpt":{"rendered":"<p>A Secretaria de Assist\u00eancia Social de Irati abre na pr\u00f3xima ter\u00e7a-feira, 09 de julho, inscri\u00e7\u00f5es para o Processo Seletivo Simplificado (PSS), com o objetivo de contratar um cuidador social. O profissional contratado atuar\u00e1 em servi\u00e7os socioassistenciais das secretarias de Assist\u00eancia Social e da Mulher, Crian\u00e7a e Pessoa Idosa. Haver\u00e1 tamb\u00e9m vagas de cadastro de reserva. [&hellip;]<\/p>\n","protected":false},"author":2,"featured_media":0,"comment_status":"open","ping_status":"open","sticky":false,"template":"","format":"standard","meta":{"footnotes":""},"categories":[7],"tags":[172],"class_list":["post-24313","post","type-post","status-publish","format-standard","hentry","category-geral","tag-featured"],"amp_enabled":true,"_links":{"self":[{"href":"https:\/\/radiostudiow.com.br\/site\/wp-json\/wp\/v2\/posts\/24313","targetHints":{"allow":["GET"]}}],"collection":[{"href":"https:\/\/radiostudiow.com.br\/site\/wp-json\/wp\/v2\/posts"}],"about":[{"href":"https:\/\/radiostudiow.com.br\/site\/wp-json\/wp\/v2\/types\/post"}],"author":[{"embeddable":true,"href":"https:\/\/radiostudiow.com.br\/site\/wp-json\/wp\/v2\/users\/2"}],"replies":[{"embeddable":true,"href":"https:\/\/radiostudiow.com.br\/site\/wp-json\/wp\/v2\/comments?post=24313"}],"version-history":[{"count":3,"href":"https:\/\/radiostudiow.com.br\/site\/wp-json\/wp\/v2\/posts\/24313\/revisions"}],"predecessor-version":[{"id":24329,"href":"https:\/\/radiostudiow.com.br\/site\/wp-json\/wp\/v2\/posts\/24313\/revisions\/24329"}],"wp:attachment":[{"href":"https:\/\/radiostudiow.com.br\/site\/wp-json\/wp\/v2\/media?parent=24313"}],"wp:term":[{"taxonomy":"category","embeddable":true,"href":"https:\/\/radiostudiow.com.br\/site\/wp-json\/wp\/v2\/categories?post=24313"},{"taxonomy":"post_tag","embeddable":true,"href":"https:\/\/radiostudiow.com.br\/site\/wp-json\/wp\/v2\/tags?post=24313"}],"curies":[{"name":"wp","href":"https:\/\/api.w.org\/{rel}","templated":true}]}}