{"id":24330,"date":"2024-07-06T09:17:16","date_gmt":"2024-07-06T12:17:16","guid":{"rendered":"https:\/\/radiostudiow.com.br\/site\/?p=24330"},"modified":"2025-01-31T14:59:10","modified_gmt":"2025-01-31T17:59:10","slug":"homem-e-socorrido-pelos-bombeiros-apos-ficar-preso-em-baixo-de-trator-em-porto-uniao","status":"publish","type":"post","link":"https:\/\/radiostudiow.com.br\/site\/2024\/07\/06\/homem-e-socorrido-pelos-bombeiros-apos-ficar-preso-em-baixo-de-trator-em-porto-uniao\/","title":{"rendered":"Homem \u00e9 socorrido pelos bombeiros ap\u00f3s ficar preso em baixo de trator em Porto Uni\u00e3o"},"content":{"rendered":"\n<p>Um homem de 48 anos ficou ferido ap\u00f3s sofrer um acidente com um trator, no bairro Bela Vista, em Porto Uni\u00e3o por volta das 14:45 horas da tarde desta sexta-feira (05).<\/p>\n\n\n\n<figure class=\"wp-block-image size-full\"><img decoding=\"async\" src=\"https:\/\/radiostudiow.com.br\/site\/wp-content\/uploads\/2024\/04\/image-42.png\" alt=\"\" class=\"wp-image-21334\"\/><\/figure>\n\n\n\n<p>As guarni\u00e7\u00f5es do bombeiro de Porto Uni\u00e3o foram acionadas para um atendimento, no qual houve um tombamento de trator. Chegando ao local foi confirmado o acidente, onde um trator tombou em um barranco. O operador encontrava-se preso embaixo do ve\u00edculo, consciente, responsivo, apresentava les\u00f5es na regi\u00e3o do cr\u00e2nio.<\/p>\n\n\n\n<p>Foi realizada estabiliza\u00e7\u00e3o do ve\u00edculo e, posteriormente, a retirada do operador, sendo estabilizado e protocolado em maca r\u00edgida, aferidos sinais vitais. Segundo os bombeiros, ele encontrava-se inst\u00e1vel e foi encaminhado ao Hospital S\u00e3o Braz\/S\u00e3o Camilo para avalia\u00e7\u00e3o m\u00e9dica.<\/p>\n","protected":false},"excerpt":{"rendered":"<p>Um homem de 48 anos ficou ferido ap\u00f3s sofrer um acidente com um trator, no bairro Bela Vista, em Porto Uni\u00e3o por volta das 14:45 horas da tarde desta sexta-feira (05). As guarni\u00e7\u00f5es do bombeiro de Porto Uni\u00e3o foram acionadas para um atendimento, no qual houve um tombamento de trator. Chegando ao local foi confirmado [&hellip;]<\/p>\n","protected":false},"author":2,"featured_media":0,"comment_status":"open","ping_status":"open","sticky":false,"template":"","format":"standard","meta":{"footnotes":""},"categories":[185],"tags":[172],"class_list":["post-24330","post","type-post","status-publish","format-standard","hentry","category-regional","tag-featured"],"amp_enabled":true,"_links":{"self":[{"href":"https:\/\/radiostudiow.com.br\/site\/wp-json\/wp\/v2\/posts\/24330","targetHints":{"allow":["GET"]}}],"collection":[{"href":"https:\/\/radiostudiow.com.br\/site\/wp-json\/wp\/v2\/posts"}],"about":[{"href":"https:\/\/radiostudiow.com.br\/site\/wp-json\/wp\/v2\/types\/post"}],"author":[{"embeddable":true,"href":"https:\/\/radiostudiow.com.br\/site\/wp-json\/wp\/v2\/users\/2"}],"replies":[{"embeddable":true,"href":"https:\/\/radiostudiow.com.br\/site\/wp-json\/wp\/v2\/comments?post=24330"}],"version-history":[{"count":1,"href":"https:\/\/radiostudiow.com.br\/site\/wp-json\/wp\/v2\/posts\/24330\/revisions"}],"predecessor-version":[{"id":24333,"href":"https:\/\/radiostudiow.com.br\/site\/wp-json\/wp\/v2\/posts\/24330\/revisions\/24333"}],"wp:attachment":[{"href":"https:\/\/radiostudiow.com.br\/site\/wp-json\/wp\/v2\/media?parent=24330"}],"wp:term":[{"taxonomy":"category","embeddable":true,"href":"https:\/\/radiostudiow.com.br\/site\/wp-json\/wp\/v2\/categories?post=24330"},{"taxonomy":"post_tag","embeddable":true,"href":"https:\/\/radiostudiow.com.br\/site\/wp-json\/wp\/v2\/tags?post=24330"}],"curies":[{"name":"wp","href":"https:\/\/api.w.org\/{rel}","templated":true}]}}