{"id":24338,"date":"2024-07-06T09:27:25","date_gmt":"2024-07-06T12:27:25","guid":{"rendered":"https:\/\/radiostudiow.com.br\/site\/?p=24338"},"modified":"2025-01-31T14:59:10","modified_gmt":"2025-01-31T17:59:10","slug":"bicicleta-e-furtada-de-estabelecimento-comercial-em-uniao-da-vitoria","status":"publish","type":"post","link":"https:\/\/radiostudiow.com.br\/site\/2024\/07\/06\/bicicleta-e-furtada-de-estabelecimento-comercial-em-uniao-da-vitoria\/","title":{"rendered":"Bicicleta \u00e9 furtada de estabelecimento comercial em Uni\u00e3o da Vit\u00f3ria"},"content":{"rendered":"\n<p>Por volta das 16 horas dessa quinta-feira, 04 de julho, a equipe policial foi abordada por uma mulher durante patrulhamento no bairro S\u00e3o Crist\u00f3v\u00e3o em Uni\u00e3o da Vit\u00f3ria.<\/p>\n\n\n\n<figure class=\"wp-block-image size-full\"><img loading=\"lazy\" decoding=\"async\" width=\"300\" height=\"180\" src=\"https:\/\/radiostudiow.com.br\/site\/wp-content\/uploads\/2024\/04\/SITE-PEQUENO-1.png\" alt=\"\" class=\"wp-image-21868\"\/><\/figure>\n\n\n\n<p>A solicitante relatou aos policiais que foi abordada por uma transeunte, a qual relatou que teve sua bicicleta da marca Track foi furtada. O objeto era na cor branca e cinza com garupa preta e cestinha branca.<\/p>\n\n\n\n<p>A v\u00edtima relatou que o objeto estava no biciclet\u00e1rio de um estabelecimento comercial. Ela foi orientada pela equipe policial quanto aos procedimentos cab\u00edveis.<\/p>\n","protected":false},"excerpt":{"rendered":"<p>Por volta das 16 horas dessa quinta-feira, 04 de julho, a equipe policial foi abordada por uma mulher durante patrulhamento no bairro S\u00e3o Crist\u00f3v\u00e3o em Uni\u00e3o da Vit\u00f3ria. A solicitante relatou aos policiais que foi abordada por uma transeunte, a qual relatou que teve sua bicicleta da marca Track foi furtada. O objeto era na [&hellip;]<\/p>\n","protected":false},"author":2,"featured_media":22528,"comment_status":"open","ping_status":"open","sticky":false,"template":"","format":"standard","meta":{"footnotes":""},"categories":[2],"tags":[172],"class_list":["post-24338","post","type-post","status-publish","format-standard","has-post-thumbnail","hentry","category-policial","tag-featured"],"amp_enabled":true,"_links":{"self":[{"href":"https:\/\/radiostudiow.com.br\/site\/wp-json\/wp\/v2\/posts\/24338","targetHints":{"allow":["GET"]}}],"collection":[{"href":"https:\/\/radiostudiow.com.br\/site\/wp-json\/wp\/v2\/posts"}],"about":[{"href":"https:\/\/radiostudiow.com.br\/site\/wp-json\/wp\/v2\/types\/post"}],"author":[{"embeddable":true,"href":"https:\/\/radiostudiow.com.br\/site\/wp-json\/wp\/v2\/users\/2"}],"replies":[{"embeddable":true,"href":"https:\/\/radiostudiow.com.br\/site\/wp-json\/wp\/v2\/comments?post=24338"}],"version-history":[{"count":1,"href":"https:\/\/radiostudiow.com.br\/site\/wp-json\/wp\/v2\/posts\/24338\/revisions"}],"predecessor-version":[{"id":24340,"href":"https:\/\/radiostudiow.com.br\/site\/wp-json\/wp\/v2\/posts\/24338\/revisions\/24340"}],"wp:featuredmedia":[{"embeddable":true,"href":"https:\/\/radiostudiow.com.br\/site\/wp-json\/wp\/v2\/media\/22528"}],"wp:attachment":[{"href":"https:\/\/radiostudiow.com.br\/site\/wp-json\/wp\/v2\/media?parent=24338"}],"wp:term":[{"taxonomy":"category","embeddable":true,"href":"https:\/\/radiostudiow.com.br\/site\/wp-json\/wp\/v2\/categories?post=24338"},{"taxonomy":"post_tag","embeddable":true,"href":"https:\/\/radiostudiow.com.br\/site\/wp-json\/wp\/v2\/tags?post=24338"}],"curies":[{"name":"wp","href":"https:\/\/api.w.org\/{rel}","templated":true}]}}