{"id":24341,"date":"2024-07-06T09:58:52","date_gmt":"2024-07-06T12:58:52","guid":{"rendered":"https:\/\/radiostudiow.com.br\/site\/?p=24341"},"modified":"2025-01-31T14:59:10","modified_gmt":"2025-01-31T17:59:10","slug":"homem-e-encontrado-caido-e-machucado-em-via-publica-na-vila-amaral","status":"publish","type":"post","link":"https:\/\/radiostudiow.com.br\/site\/2024\/07\/06\/homem-e-encontrado-caido-e-machucado-em-via-publica-na-vila-amaral\/","title":{"rendered":"Homem \u00e9 encontrado ca\u00eddo e machucado em via p\u00fablica em S\u00e3o Mateus do Sul"},"content":{"rendered":"\n<p>Na sexta-feira (5), a equipe R\u00e1dio Patrulha da Pol\u00edcia Militar de S\u00e3o Mateus do Sul recebeu a informa\u00e7\u00e3o por meio de um informante an\u00f4nimo que havia um masculino ca\u00eddo na cal\u00e7ada na Vila Amaral.<\/p>\n\n\n\n<figure class=\"wp-block-image size-full\"><img loading=\"lazy\" decoding=\"async\" width=\"590\" height=\"204\" src=\"https:\/\/radiostudiow.com.br\/site\/wp-content\/uploads\/2024\/04\/image-27.png\" alt=\"\" class=\"wp-image-21280\" srcset=\"https:\/\/radiostudiow.com.br\/site\/wp-content\/uploads\/2024\/04\/image-27.png 590w, https:\/\/radiostudiow.com.br\/site\/wp-content\/uploads\/2024\/04\/image-27-300x104.png 300w\" sizes=\"auto, (max-width: 590px) 100vw, 590px\" \/><\/figure>\n\n\n\n<p><a href=\"https:\/\/www.amcg.com.br\/\" target=\"_blank\" rel=\"noreferrer noopener\"><\/a><\/p>\n\n\n\n<p>Equipe deslocou at\u00e9 o local encontrando o masculino ca\u00eddo no ch\u00e3o todo ensanguentado na face apresentando cortes e incha\u00e7o.<\/p>\n\n\n\n<p>Diante da situa\u00e7\u00e3o a equipe solicitou apoio do SAMU que rapidamente chegou no local. Foi dado os primeiros socorros no local e encaminhado para o pronto atendimento para os cuidados necess\u00e1rios.<\/p>\n","protected":false},"excerpt":{"rendered":"<p>Na sexta-feira (5), a equipe R\u00e1dio Patrulha da Pol\u00edcia Militar de S\u00e3o Mateus do Sul recebeu a informa\u00e7\u00e3o por meio de um informante an\u00f4nimo que havia um masculino ca\u00eddo na cal\u00e7ada na Vila Amaral. Equipe deslocou at\u00e9 o local encontrando o masculino ca\u00eddo no ch\u00e3o todo ensanguentado na face apresentando cortes e incha\u00e7o. Diante da [&hellip;]<\/p>\n","protected":false},"author":2,"featured_media":21681,"comment_status":"open","ping_status":"open","sticky":false,"template":"","format":"standard","meta":{"footnotes":""},"categories":[185],"tags":[172],"class_list":["post-24341","post","type-post","status-publish","format-standard","has-post-thumbnail","hentry","category-regional","tag-featured"],"amp_enabled":true,"_links":{"self":[{"href":"https:\/\/radiostudiow.com.br\/site\/wp-json\/wp\/v2\/posts\/24341","targetHints":{"allow":["GET"]}}],"collection":[{"href":"https:\/\/radiostudiow.com.br\/site\/wp-json\/wp\/v2\/posts"}],"about":[{"href":"https:\/\/radiostudiow.com.br\/site\/wp-json\/wp\/v2\/types\/post"}],"author":[{"embeddable":true,"href":"https:\/\/radiostudiow.com.br\/site\/wp-json\/wp\/v2\/users\/2"}],"replies":[{"embeddable":true,"href":"https:\/\/radiostudiow.com.br\/site\/wp-json\/wp\/v2\/comments?post=24341"}],"version-history":[{"count":2,"href":"https:\/\/radiostudiow.com.br\/site\/wp-json\/wp\/v2\/posts\/24341\/revisions"}],"predecessor-version":[{"id":24343,"href":"https:\/\/radiostudiow.com.br\/site\/wp-json\/wp\/v2\/posts\/24341\/revisions\/24343"}],"wp:featuredmedia":[{"embeddable":true,"href":"https:\/\/radiostudiow.com.br\/site\/wp-json\/wp\/v2\/media\/21681"}],"wp:attachment":[{"href":"https:\/\/radiostudiow.com.br\/site\/wp-json\/wp\/v2\/media?parent=24341"}],"wp:term":[{"taxonomy":"category","embeddable":true,"href":"https:\/\/radiostudiow.com.br\/site\/wp-json\/wp\/v2\/categories?post=24341"},{"taxonomy":"post_tag","embeddable":true,"href":"https:\/\/radiostudiow.com.br\/site\/wp-json\/wp\/v2\/tags?post=24341"}],"curies":[{"name":"wp","href":"https:\/\/api.w.org\/{rel}","templated":true}]}}