{"id":24344,"date":"2024-07-06T10:01:46","date_gmt":"2024-07-06T13:01:46","guid":{"rendered":"https:\/\/radiostudiow.com.br\/site\/?p=24344"},"modified":"2025-01-31T14:59:10","modified_gmt":"2025-01-31T17:59:10","slug":"apos-tentativa-de-assalto-homem-faz-mencao-de-estar-armado-e-acaba-preso-pela-policia-de-sao-mateus-do-sul","status":"publish","type":"post","link":"https:\/\/radiostudiow.com.br\/site\/2024\/07\/06\/apos-tentativa-de-assalto-homem-faz-mencao-de-estar-armado-e-acaba-preso-pela-policia-de-sao-mateus-do-sul\/","title":{"rendered":"Ap\u00f3s tentativa de assalto, homem faz men\u00e7\u00e3o de estar armado e acaba preso pela pol\u00edcia de S\u00e3o Mateus do Sul"},"content":{"rendered":"\n<p><em>Um homem foi preso na noite desta sexta-feira (5), ap\u00f3s uma tentativa de assalto a um caminhoneiro pr\u00f3ximo ao posto desativado da Pol\u00edcia Rodovi\u00e1ria Federal (PRF) em S\u00e3o Mateus do Sul. As informa\u00e7\u00f5es foram apuradas pelo Portal Clic Sul News, parceiro do\u00a0Portal RDX.<\/em><\/p>\n\n\n\n<figure class=\"wp-block-image size-full\"><img loading=\"lazy\" decoding=\"async\" width=\"598\" height=\"204\" src=\"https:\/\/radiostudiow.com.br\/site\/wp-content\/uploads\/2024\/04\/image-12.png\" alt=\"\" class=\"wp-image-21187\" srcset=\"https:\/\/radiostudiow.com.br\/site\/wp-content\/uploads\/2024\/04\/image-12.png 598w, https:\/\/radiostudiow.com.br\/site\/wp-content\/uploads\/2024\/04\/image-12-300x102.png 300w\" sizes=\"auto, (max-width: 598px) 100vw, 598px\" \/><\/figure>\n\n\n\n<p>Por volta de 21h, equipes da Pol\u00edcia Militar de S\u00e3o Mateus do Sul receberam informa\u00e7\u00f5es via Copom de que um caminhoneiro teria sido abordado por um homem, em frente ao posto desativado da Pol\u00edcia Rodovi\u00e1ria Federal (PRF), \u00e0s margens da BR-476.<\/p>\n\n\n\n<p>Ao chegarem no local, foi constatado que o motorista estava com um rapaz, o qual, ao perceber a presen\u00e7a dos policiais, embarcou em um ve\u00edculo Ford\/Ka de cor preta e fez men\u00e7\u00e3o de estar armado, apontando uma arma de fogo em dire\u00e7\u00e3o da PM.<\/p>\n\n\n\n<p>Para se proteger, os policiais se manteram atr\u00e1s das viaturas, momento em que o rapaz funcionou o ve\u00edculo e fugiu em dire\u00e7\u00e3o ao centro de S\u00e3o Mateus do Sul. Foi iniciado o acompanhamento t\u00e1tico e ao perceber que o mesmo estaria armado, foi efetuado disparos de arma de fogo, na tentativa de fazer com que o suspeito parasse o ve\u00edculo.<\/p>\n\n\n\n<figure class=\"wp-block-image size-full\"><img loading=\"lazy\" decoding=\"async\" width=\"300\" height=\"180\" src=\"https:\/\/radiostudiow.com.br\/site\/wp-content\/uploads\/2024\/04\/image-26.png\" alt=\"\" class=\"wp-image-21279\"\/><\/figure>\n\n\n\n<p>No entanto, pr\u00f3ximo \u00e0 entrada ao Jardim Santa Cruz, o homem parou o ve\u00edculo, desceu e correu em dire\u00e7\u00e3o a um matagal. Em seguida, os policiais conseguiram localiz\u00e1-lo e abord\u00e1-lo, sendo dado voz de pris\u00e3o.<\/p>\n\n\n\n<p>Foram realizadas buscas, para tentar localizar a arma de fogo que estava com o autor, por\u00e9m devido ao mato estar muito alto, os policiais n\u00e3o conseguiram encontrar. O carro foi apreendido e o homem foi encaminhado \u00e0 3\u00aa Subidivis\u00e3o Policial (SDP) para provid\u00eancias cab\u00edveis.<\/p>\n\n\n\n<p>J\u00e1 o caminhoneiro deve ser ouvido para informar sobre a tentativa de assalto que sofreu.<\/p>\n","protected":false},"excerpt":{"rendered":"<p>Um homem foi preso na noite desta sexta-feira (5), ap\u00f3s uma tentativa de assalto a um caminhoneiro pr\u00f3ximo ao posto desativado da Pol\u00edcia Rodovi\u00e1ria Federal (PRF) em S\u00e3o Mateus do Sul. As informa\u00e7\u00f5es foram apuradas pelo Portal Clic Sul News, parceiro do\u00a0Portal RDX. Por volta de 21h, equipes da Pol\u00edcia Militar de S\u00e3o Mateus do [&hellip;]<\/p>\n","protected":false},"author":2,"featured_media":0,"comment_status":"open","ping_status":"open","sticky":false,"template":"","format":"standard","meta":{"footnotes":""},"categories":[2],"tags":[172],"class_list":["post-24344","post","type-post","status-publish","format-standard","hentry","category-policial","tag-featured"],"amp_enabled":true,"_links":{"self":[{"href":"https:\/\/radiostudiow.com.br\/site\/wp-json\/wp\/v2\/posts\/24344","targetHints":{"allow":["GET"]}}],"collection":[{"href":"https:\/\/radiostudiow.com.br\/site\/wp-json\/wp\/v2\/posts"}],"about":[{"href":"https:\/\/radiostudiow.com.br\/site\/wp-json\/wp\/v2\/types\/post"}],"author":[{"embeddable":true,"href":"https:\/\/radiostudiow.com.br\/site\/wp-json\/wp\/v2\/users\/2"}],"replies":[{"embeddable":true,"href":"https:\/\/radiostudiow.com.br\/site\/wp-json\/wp\/v2\/comments?post=24344"}],"version-history":[{"count":1,"href":"https:\/\/radiostudiow.com.br\/site\/wp-json\/wp\/v2\/posts\/24344\/revisions"}],"predecessor-version":[{"id":24346,"href":"https:\/\/radiostudiow.com.br\/site\/wp-json\/wp\/v2\/posts\/24344\/revisions\/24346"}],"wp:attachment":[{"href":"https:\/\/radiostudiow.com.br\/site\/wp-json\/wp\/v2\/media?parent=24344"}],"wp:term":[{"taxonomy":"category","embeddable":true,"href":"https:\/\/radiostudiow.com.br\/site\/wp-json\/wp\/v2\/categories?post=24344"},{"taxonomy":"post_tag","embeddable":true,"href":"https:\/\/radiostudiow.com.br\/site\/wp-json\/wp\/v2\/tags?post=24344"}],"curies":[{"name":"wp","href":"https:\/\/api.w.org\/{rel}","templated":true}]}}