{"id":24348,"date":"2024-07-08T10:00:04","date_gmt":"2024-07-08T13:00:04","guid":{"rendered":"https:\/\/radiostudiow.com.br\/site\/?p=24348"},"modified":"2025-01-31T14:59:10","modified_gmt":"2025-01-31T17:59:10","slug":"casa-e-invadida-e-objetos-sao-furtados-durante-a-madrugada-em-porto-uniao","status":"publish","type":"post","link":"https:\/\/radiostudiow.com.br\/site\/2024\/07\/08\/casa-e-invadida-e-objetos-sao-furtados-durante-a-madrugada-em-porto-uniao\/","title":{"rendered":"Casa \u00e9 invadida e objetos s\u00e3o furtados durante a madrugada em Porto Uni\u00e3o"},"content":{"rendered":"\n<p>Um morador da cidade de Porto Uni\u00e3o procurou a Pol\u00edcia Militar para registrar um boletim de ocorr\u00eancias de furto em sua resid\u00eancia, o qual aconteceu durante a madrugada de domingo (07).<\/p>\n\n\n\n<figure class=\"wp-block-image size-large\"><img decoding=\"async\" src=\"https:\/\/radiostudiow.com.br\/site\/wp-content\/uploads\/2024\/05\/86140-nacional-tv-coops-comunicacao-interna-pos-campanha-de-educacao-financeira-2024-1-1024x576.png\" alt=\"\" class=\"wp-image-23087\"\/><figcaption class=\"wp-element-caption\"><strong>\u00a0Rua Mal. Floriano Peixoto, 172 &#8211; 92 &#8211; Centro, Mallet &#8211; PR | (42) 3542-2158<\/strong> <\/figcaption><\/figure>\n\n\n\n<p>Segundo o morador, a situa\u00e7\u00e3o possivelmente ocorreu entre \u00e0s 02h30 e as primeiras horas da manh\u00e3. Ainda conforme ele, o crime foi realizou por dois indiv\u00edduos que invadiram sua casa pela janela da sala<\/p>\n\n\n\n<p>Da casa foram furtados 01 botij\u00e3o de g\u00e1s, 01 aparelho celular Moto G6, 01 ma\u00e7o de cigarros e a quantia de R$ 350,00 reais. A v\u00edtima relatou que estava dormindo quando o crime ocorreu. Ele foi orientado.<\/p>\n\n\n\n<p><a href=\"https:\/\/web.whatsapp.com\/send?text=Casa%20%C3%A9%20invadida%20e%20objetos%20s%C3%A3o%20furtados%20durante%20a%20madrugada%20em%20Porto%20Uni%C3%A3o%20%E2%98%9B%20https%3A%2F%2Fcanal4.tv.br%2F2024%2F07%2F08%2Fcasa-e-invadida-e-objetos-sao-furtados-durante-a-madrugada-em-porto-uniao%2F%3Ffbclid%3DIwZXh0bgNhZW0CMTEAAR2K4wrlgc05BWoGXn74P_yxYTRcVHyfMCmUU5ko2CeXq29rdlHmDTVNLWw_aem_PzDfoEETQ14TdXzar02MLQ\" target=\"_blank\" rel=\"noreferrer noopener\"><\/a><\/p>\n\n\n\n<p><a href=\"javascript:void(0);\"><\/a><\/p>\n","protected":false},"excerpt":{"rendered":"<p>Um morador da cidade de Porto Uni\u00e3o procurou a Pol\u00edcia Militar para registrar um boletim de ocorr\u00eancias de furto em sua resid\u00eancia, o qual aconteceu durante a madrugada de domingo (07). Segundo o morador, a situa\u00e7\u00e3o possivelmente ocorreu entre \u00e0s 02h30 e as primeiras horas da manh\u00e3. Ainda conforme ele, o crime foi realizou por [&hellip;]<\/p>\n","protected":false},"author":2,"featured_media":20848,"comment_status":"open","ping_status":"open","sticky":false,"template":"","format":"standard","meta":{"footnotes":""},"categories":[2],"tags":[172],"class_list":["post-24348","post","type-post","status-publish","format-standard","has-post-thumbnail","hentry","category-policial","tag-featured"],"amp_enabled":true,"_links":{"self":[{"href":"https:\/\/radiostudiow.com.br\/site\/wp-json\/wp\/v2\/posts\/24348","targetHints":{"allow":["GET"]}}],"collection":[{"href":"https:\/\/radiostudiow.com.br\/site\/wp-json\/wp\/v2\/posts"}],"about":[{"href":"https:\/\/radiostudiow.com.br\/site\/wp-json\/wp\/v2\/types\/post"}],"author":[{"embeddable":true,"href":"https:\/\/radiostudiow.com.br\/site\/wp-json\/wp\/v2\/users\/2"}],"replies":[{"embeddable":true,"href":"https:\/\/radiostudiow.com.br\/site\/wp-json\/wp\/v2\/comments?post=24348"}],"version-history":[{"count":2,"href":"https:\/\/radiostudiow.com.br\/site\/wp-json\/wp\/v2\/posts\/24348\/revisions"}],"predecessor-version":[{"id":24350,"href":"https:\/\/radiostudiow.com.br\/site\/wp-json\/wp\/v2\/posts\/24348\/revisions\/24350"}],"wp:featuredmedia":[{"embeddable":true,"href":"https:\/\/radiostudiow.com.br\/site\/wp-json\/wp\/v2\/media\/20848"}],"wp:attachment":[{"href":"https:\/\/radiostudiow.com.br\/site\/wp-json\/wp\/v2\/media?parent=24348"}],"wp:term":[{"taxonomy":"category","embeddable":true,"href":"https:\/\/radiostudiow.com.br\/site\/wp-json\/wp\/v2\/categories?post=24348"},{"taxonomy":"post_tag","embeddable":true,"href":"https:\/\/radiostudiow.com.br\/site\/wp-json\/wp\/v2\/tags?post=24348"}],"curies":[{"name":"wp","href":"https:\/\/api.w.org\/{rel}","templated":true}]}}