{"id":2435,"date":"2021-06-14T11:11:34","date_gmt":"2021-06-14T14:11:34","guid":{"rendered":"https:\/\/radiostudiow.com.br\/site\/?p=2435"},"modified":"2025-01-15T11:48:21","modified_gmt":"2025-01-15T14:48:21","slug":"pm-recupera-saveiro-que-havia-sido-furtada-em-rio-azul","status":"publish","type":"post","link":"https:\/\/radiostudiow.com.br\/site\/2021\/06\/14\/pm-recupera-saveiro-que-havia-sido-furtada-em-rio-azul\/","title":{"rendered":"PM RECUPERA SAVEIRO QUE HAVIA SIDO FURTADA EM RIO AZUL"},"content":{"rendered":"\n<p>A Pol\u00edcia Militar recuperou uma Saveiro que havia sido furtada na noite de s\u00e1bado, 12 de junho, em Rio Azul. O ve\u00edculo estava estacionado na frente de uma resid\u00eancia na rua Doutor Campos Mello. O propriet\u00e1rio constatou pela c\u00e2mera de seguran\u00e7a de sua casa que um homem estava tentando abrir o cap\u00f4. Em seguida, ele furtou o carro.<\/p>\n\n\n\n<p>Policiais realizaram buscas e localizaram o ve\u00edculo na rua Nossa Senhora da Luz. Ao perceber a presen\u00e7a da PM, o autor do furto fugiu por um matagal ao lado da estrada. Ele estava carregando uma motosserra. Em fun\u00e7\u00e3o da falta de ilumina\u00e7\u00e3o e da mata ser fechada, os policiais n\u00e3o conseguiram capturar o suspeito. J\u00e1 a Saveiro foi apreendida e devolvida ao propriet\u00e1rio.<\/p>\n\n\n\n<p>Ainda em Rio Azul, um condutor sem Carteira Nacional de Habilita\u00e7\u00e3o (CNH) foi abordado na rua Padre Jo\u00e3o Salanczyk, na manh\u00e3 de s\u00e1bado, 12. Ele estava conduzindo uma Saveiro. O ve\u00edculo n\u00e3o tinha pend\u00eancias e foi liberado para um motorista habilitado.<\/p>\n\n\n\n<figure class=\"wp-block-image size-large\"><img decoding=\"async\" src=\"https:\/\/radiostudiow.com.br\/site\/wp-content\/uploads\/2021\/05\/SICREDI.jpg\" alt=\"\" class=\"wp-image-2223\"\/><\/figure>\n","protected":false},"excerpt":{"rendered":"<p>A Pol\u00edcia Militar recuperou uma Saveiro que havia sido furtada na noite de s\u00e1bado, 12 de junho, em Rio Azul. O ve\u00edculo estava estacionado na frente de uma resid\u00eancia na rua Doutor Campos Mello. O propriet\u00e1rio constatou pela c\u00e2mera de seguran\u00e7a de sua casa que um homem estava tentando abrir o cap\u00f4. Em seguida, ele [&hellip;]<\/p>\n","protected":false},"author":2,"featured_media":0,"comment_status":"open","ping_status":"open","sticky":false,"template":"","format":"standard","meta":{"footnotes":""},"categories":[2],"tags":[172],"class_list":["post-2435","post","type-post","status-publish","format-standard","hentry","category-policial","tag-featured"],"amp_enabled":true,"_links":{"self":[{"href":"https:\/\/radiostudiow.com.br\/site\/wp-json\/wp\/v2\/posts\/2435","targetHints":{"allow":["GET"]}}],"collection":[{"href":"https:\/\/radiostudiow.com.br\/site\/wp-json\/wp\/v2\/posts"}],"about":[{"href":"https:\/\/radiostudiow.com.br\/site\/wp-json\/wp\/v2\/types\/post"}],"author":[{"embeddable":true,"href":"https:\/\/radiostudiow.com.br\/site\/wp-json\/wp\/v2\/users\/2"}],"replies":[{"embeddable":true,"href":"https:\/\/radiostudiow.com.br\/site\/wp-json\/wp\/v2\/comments?post=2435"}],"version-history":[{"count":1,"href":"https:\/\/radiostudiow.com.br\/site\/wp-json\/wp\/v2\/posts\/2435\/revisions"}],"predecessor-version":[{"id":2437,"href":"https:\/\/radiostudiow.com.br\/site\/wp-json\/wp\/v2\/posts\/2435\/revisions\/2437"}],"wp:attachment":[{"href":"https:\/\/radiostudiow.com.br\/site\/wp-json\/wp\/v2\/media?parent=2435"}],"wp:term":[{"taxonomy":"category","embeddable":true,"href":"https:\/\/radiostudiow.com.br\/site\/wp-json\/wp\/v2\/categories?post=2435"},{"taxonomy":"post_tag","embeddable":true,"href":"https:\/\/radiostudiow.com.br\/site\/wp-json\/wp\/v2\/tags?post=2435"}],"curies":[{"name":"wp","href":"https:\/\/api.w.org\/{rel}","templated":true}]}}