{"id":24354,"date":"2024-07-08T10:11:00","date_gmt":"2024-07-08T13:11:00","guid":{"rendered":"https:\/\/radiostudiow.com.br\/site\/?p=24354"},"modified":"2025-01-31T14:59:10","modified_gmt":"2025-01-31T17:59:10","slug":"policia-militar-detem-traficante-em-uniao-da-vitoria","status":"publish","type":"post","link":"https:\/\/radiostudiow.com.br\/site\/2024\/07\/08\/policia-militar-detem-traficante-em-uniao-da-vitoria\/","title":{"rendered":"Pol\u00edcia Militar det\u00e9m traficante em Uni\u00e3o da Vit\u00f3ria"},"content":{"rendered":"\n<p>A Pol\u00edcia Militar de Uni\u00e3o da Vit\u00f3ria esteve atendendo a uma ocorr\u00eancia de tr\u00e1fico de drogas por volta das 21:20 horas desse domingo, 07 de julho, no bairro S\u00e3o Gabriel.<\/p>\n\n\n\n<figure class=\"wp-block-image size-full\"><img decoding=\"async\" src=\"https:\/\/radiostudiow.com.br\/site\/wp-content\/uploads\/2024\/04\/image-55.png\" alt=\"\" class=\"wp-image-21389\"\/><\/figure>\n\n\n\n<p>Conforme informa\u00e7\u00f5es, as equipes policiais realizavam patrulhamento por uma rua de grande fluxo de usu\u00e1rio de drogas e visualizou um homem em atitude suspeita, o qual virou-se de costas ao perceber a presen\u00e7a policial.<\/p>\n\n\n\n<p>Ap\u00f3s a abordagem, foi encontrado com o homem 07 inv\u00f3lucros contendo coca\u00edna, al\u00e9m de R$ 190,00 reais e uma balan\u00e7a de precis\u00e3o. O homem recebeu voz de pris\u00e3o e foi conduzido at\u00e9 a delegacia para provid\u00eancias.<\/p>\n\n\n\n<p><a href=\"https:\/\/www.facebook.com\/sharer.php?u=https%3A%2F%2Fcanal4.tv.br%2F2024%2F07%2F08%2Fpolicia-detem-traficante-no-bairro-sao-gabriel-em-uniao-da-vitoria%2F%3Ffbclid%3DIwZXh0bgNhZW0CMTEAAR2B_z3gyxxtfpnQJWtVyg3AaLPGBtLVhm0wMASwBHknJ7FJ1ngFRiWOZq4_aem_o1UuJYu5fn8DrbnVgPTnZw\" target=\"_blank\" rel=\"noreferrer noopener\"><\/a><\/p>\n\n\n\n<p><a href=\"https:\/\/web.whatsapp.com\/send?text=Pol%C3%ADcia%20det%C3%A9m%20traficante%20no%20bairro%20S%C3%A3o%20Gabriel%20em%20Uni%C3%A3o%20da%20Vit%C3%B3ria%20%E2%98%9B%20https%3A%2F%2Fcanal4.tv.br%2F2024%2F07%2F08%2Fpolicia-detem-traficante-no-bairro-sao-gabriel-em-uniao-da-vitoria%2F%3Ffbclid%3DIwZXh0bgNhZW0CMTEAAR2B_z3gyxxtfpnQJWtVyg3AaLPGBtLVhm0wMASwBHknJ7FJ1ngFRiWOZq4_aem_o1UuJYu5fn8DrbnVgPTnZw\" target=\"_blank\" rel=\"noreferrer noopener\"><\/a><\/p>\n\n\n\n<p><a href=\"javascript:void(0);\"><\/a><\/p>\n","protected":false},"excerpt":{"rendered":"<p>A Pol\u00edcia Militar de Uni\u00e3o da Vit\u00f3ria esteve atendendo a uma ocorr\u00eancia de tr\u00e1fico de drogas por volta das 21:20 horas desse domingo, 07 de julho, no bairro S\u00e3o Gabriel. Conforme informa\u00e7\u00f5es, as equipes policiais realizavam patrulhamento por uma rua de grande fluxo de usu\u00e1rio de drogas e visualizou um homem em atitude suspeita, o [&hellip;]<\/p>\n","protected":false},"author":2,"featured_media":0,"comment_status":"open","ping_status":"open","sticky":false,"template":"","format":"standard","meta":{"footnotes":""},"categories":[2],"tags":[172],"class_list":["post-24354","post","type-post","status-publish","format-standard","hentry","category-policial","tag-featured"],"amp_enabled":true,"_links":{"self":[{"href":"https:\/\/radiostudiow.com.br\/site\/wp-json\/wp\/v2\/posts\/24354","targetHints":{"allow":["GET"]}}],"collection":[{"href":"https:\/\/radiostudiow.com.br\/site\/wp-json\/wp\/v2\/posts"}],"about":[{"href":"https:\/\/radiostudiow.com.br\/site\/wp-json\/wp\/v2\/types\/post"}],"author":[{"embeddable":true,"href":"https:\/\/radiostudiow.com.br\/site\/wp-json\/wp\/v2\/users\/2"}],"replies":[{"embeddable":true,"href":"https:\/\/radiostudiow.com.br\/site\/wp-json\/wp\/v2\/comments?post=24354"}],"version-history":[{"count":1,"href":"https:\/\/radiostudiow.com.br\/site\/wp-json\/wp\/v2\/posts\/24354\/revisions"}],"predecessor-version":[{"id":24356,"href":"https:\/\/radiostudiow.com.br\/site\/wp-json\/wp\/v2\/posts\/24354\/revisions\/24356"}],"wp:attachment":[{"href":"https:\/\/radiostudiow.com.br\/site\/wp-json\/wp\/v2\/media?parent=24354"}],"wp:term":[{"taxonomy":"category","embeddable":true,"href":"https:\/\/radiostudiow.com.br\/site\/wp-json\/wp\/v2\/categories?post=24354"},{"taxonomy":"post_tag","embeddable":true,"href":"https:\/\/radiostudiow.com.br\/site\/wp-json\/wp\/v2\/tags?post=24354"}],"curies":[{"name":"wp","href":"https:\/\/api.w.org\/{rel}","templated":true}]}}