{"id":24361,"date":"2024-07-08T10:18:05","date_gmt":"2024-07-08T13:18:05","guid":{"rendered":"https:\/\/radiostudiow.com.br\/site\/?p=24361"},"modified":"2025-01-31T14:59:10","modified_gmt":"2025-01-31T17:59:10","slug":"mulher-com-revolver-e-presa-em-uniao-da-vitoria","status":"publish","type":"post","link":"https:\/\/radiostudiow.com.br\/site\/2024\/07\/08\/mulher-com-revolver-e-presa-em-uniao-da-vitoria\/","title":{"rendered":"Mulher com rev\u00f3lver \u00e9 presa em Uni\u00e3o da Vit\u00f3ria"},"content":{"rendered":"\n<p>Uma mulher que n\u00e3o teve o nome divulgado pela Pol\u00edcia, foi presa com um rev\u00f3lver por volta das 11:30 horas desse s\u00e1bado, 06 de julho, no bairro Limeira em Uni\u00e3o da Vit\u00f3ria.<\/p>\n\n\n\n<figure class=\"wp-block-image size-full\"><img loading=\"lazy\" decoding=\"async\" width=\"897\" height=\"204\" src=\"https:\/\/radiostudiow.com.br\/site\/wp-content\/uploads\/2024\/04\/image-50.png\" alt=\"\" class=\"wp-image-21368\" srcset=\"https:\/\/radiostudiow.com.br\/site\/wp-content\/uploads\/2024\/04\/image-50.png 897w, https:\/\/radiostudiow.com.br\/site\/wp-content\/uploads\/2024\/04\/image-50-300x68.png 300w, https:\/\/radiostudiow.com.br\/site\/wp-content\/uploads\/2024\/04\/image-50-768x175.png 768w\" sizes=\"auto, (max-width: 897px) 100vw, 897px\" \/><\/figure>\n\n\n\n<p>Segundo informa\u00e7\u00f5es, a Pol\u00edcia estava realizando patrulhamento pelo bairro quando avistou uma mulher em atitude suspeita e realizou a abordagem. Durante revista em uma mochila foi encontrado um rev\u00f3lver da marca Taurus dentro com numera\u00e7\u00e3o raspada.<\/p>\n\n\n\n<p>Diante dos fatos, a mulher recebeu voz de pris\u00e3o e foi conduzida at\u00e9 a delegacia de Uni\u00e3o da Vit\u00f3ria para as devidas provid\u00eancias. A arma apreendida tamb\u00e9m foi entregue na 4\u00aa SDP.<\/p>\n","protected":false},"excerpt":{"rendered":"<p>Uma mulher que n\u00e3o teve o nome divulgado pela Pol\u00edcia, foi presa com um rev\u00f3lver por volta das 11:30 horas desse s\u00e1bado, 06 de julho, no bairro Limeira em Uni\u00e3o da Vit\u00f3ria. Segundo informa\u00e7\u00f5es, a Pol\u00edcia estava realizando patrulhamento pelo bairro quando avistou uma mulher em atitude suspeita e realizou a abordagem. Durante revista em [&hellip;]<\/p>\n","protected":false},"author":2,"featured_media":0,"comment_status":"open","ping_status":"open","sticky":false,"template":"","format":"standard","meta":{"footnotes":""},"categories":[2],"tags":[172],"class_list":["post-24361","post","type-post","status-publish","format-standard","hentry","category-policial","tag-featured"],"amp_enabled":true,"_links":{"self":[{"href":"https:\/\/radiostudiow.com.br\/site\/wp-json\/wp\/v2\/posts\/24361","targetHints":{"allow":["GET"]}}],"collection":[{"href":"https:\/\/radiostudiow.com.br\/site\/wp-json\/wp\/v2\/posts"}],"about":[{"href":"https:\/\/radiostudiow.com.br\/site\/wp-json\/wp\/v2\/types\/post"}],"author":[{"embeddable":true,"href":"https:\/\/radiostudiow.com.br\/site\/wp-json\/wp\/v2\/users\/2"}],"replies":[{"embeddable":true,"href":"https:\/\/radiostudiow.com.br\/site\/wp-json\/wp\/v2\/comments?post=24361"}],"version-history":[{"count":1,"href":"https:\/\/radiostudiow.com.br\/site\/wp-json\/wp\/v2\/posts\/24361\/revisions"}],"predecessor-version":[{"id":24363,"href":"https:\/\/radiostudiow.com.br\/site\/wp-json\/wp\/v2\/posts\/24361\/revisions\/24363"}],"wp:attachment":[{"href":"https:\/\/radiostudiow.com.br\/site\/wp-json\/wp\/v2\/media?parent=24361"}],"wp:term":[{"taxonomy":"category","embeddable":true,"href":"https:\/\/radiostudiow.com.br\/site\/wp-json\/wp\/v2\/categories?post=24361"},{"taxonomy":"post_tag","embeddable":true,"href":"https:\/\/radiostudiow.com.br\/site\/wp-json\/wp\/v2\/tags?post=24361"}],"curies":[{"name":"wp","href":"https:\/\/api.w.org\/{rel}","templated":true}]}}