{"id":24375,"date":"2024-07-08T11:55:17","date_gmt":"2024-07-08T14:55:17","guid":{"rendered":"https:\/\/radiostudiow.com.br\/site\/?p=24375"},"modified":"2025-01-31T14:59:10","modified_gmt":"2025-01-31T17:59:10","slug":"pm-de-reboucas-prende-motociclista-por-embriaguez","status":"publish","type":"post","link":"https:\/\/radiostudiow.com.br\/site\/2024\/07\/08\/pm-de-reboucas-prende-motociclista-por-embriaguez\/","title":{"rendered":"PM de Rebou\u00e7as prende motociclista por embriaguez"},"content":{"rendered":"\n<p>De acordo com o relat\u00f3rio Pol\u00edcal, um homem estava transitando em ziguezague com sua motocicleta e quase sofreu uma queda ao passar pela viatura por volta das 18:30 horas dessa sexta-feira (05).<\/p>\n\n\n\n<figure class=\"wp-block-image size-full\"><img decoding=\"async\" src=\"https:\/\/radiostudiow.com.br\/site\/wp-content\/uploads\/2024\/04\/SITE-MEDIO.png\" alt=\"\" class=\"wp-image-21854\"\/><\/figure>\n\n\n\n<p>A Pol\u00edcia Militar verificou que o condutor n\u00e3o tem habilita\u00e7\u00e3o e estava transitando em ziguezague no centro da cidade. Ao passar pela viatura da PM, o motociclista quase sofreu uma queda.<\/p>\n\n\n\n<p>A moto Honda CG 125 estava com a documenta\u00e7\u00e3o irregular. O homem apresentava sintomas de embriaguez, como odor et\u00edlico, fala enrolada, andar cambaleante, arrog\u00e2ncia e olhos vermelhos.<\/p>\n\n\n\n<p>No momento em que foi informado que seria levado para a sede do 2\u00ba Pelot\u00e3o da PM para realizar o teste do baf\u00f4metro, o homem resistiu e tentou empurrar os policiais. Por isso, ele foi algemado e colocado na viatura, onde atingiu v\u00e1rios chutes no cambur\u00e3o durante o trajeto.<\/p>\n\n\n\n<figure class=\"wp-block-image size-full\"><img loading=\"lazy\" decoding=\"async\" width=\"300\" height=\"180\" src=\"https:\/\/radiostudiow.com.br\/site\/wp-content\/uploads\/2024\/04\/SITE-PEQUENO-1.png\" alt=\"\" class=\"wp-image-21868\"\/><\/figure>\n\n\n\n<p>Ao ser solicitado para realizar o teste do baf\u00f4metro, o homem cuspiu por tr\u00eas vezes no aparelho. Como se negou a realizar o procedimento, a PM registrou o termo de constata\u00e7\u00e3o de embriaguez.<\/p>\n\n\n\n<p>O motociclista foi encaminhado para a Delegacia de Irati. J\u00e1 a moto foi apreendida e permaneceu retida no p\u00e1tio da Delegacia de Rebou\u00e7as.<\/p>\n","protected":false},"excerpt":{"rendered":"<p>De acordo com o relat\u00f3rio Pol\u00edcal, um homem estava transitando em ziguezague com sua motocicleta e quase sofreu uma queda ao passar pela viatura por volta das 18:30 horas dessa sexta-feira (05). A Pol\u00edcia Militar verificou que o condutor n\u00e3o tem habilita\u00e7\u00e3o e estava transitando em ziguezague no centro da cidade. Ao passar pela viatura [&hellip;]<\/p>\n","protected":false},"author":2,"featured_media":20169,"comment_status":"open","ping_status":"open","sticky":false,"template":"","format":"standard","meta":{"footnotes":""},"categories":[2],"tags":[172],"class_list":["post-24375","post","type-post","status-publish","format-standard","has-post-thumbnail","hentry","category-policial","tag-featured"],"amp_enabled":true,"_links":{"self":[{"href":"https:\/\/radiostudiow.com.br\/site\/wp-json\/wp\/v2\/posts\/24375","targetHints":{"allow":["GET"]}}],"collection":[{"href":"https:\/\/radiostudiow.com.br\/site\/wp-json\/wp\/v2\/posts"}],"about":[{"href":"https:\/\/radiostudiow.com.br\/site\/wp-json\/wp\/v2\/types\/post"}],"author":[{"embeddable":true,"href":"https:\/\/radiostudiow.com.br\/site\/wp-json\/wp\/v2\/users\/2"}],"replies":[{"embeddable":true,"href":"https:\/\/radiostudiow.com.br\/site\/wp-json\/wp\/v2\/comments?post=24375"}],"version-history":[{"count":2,"href":"https:\/\/radiostudiow.com.br\/site\/wp-json\/wp\/v2\/posts\/24375\/revisions"}],"predecessor-version":[{"id":24381,"href":"https:\/\/radiostudiow.com.br\/site\/wp-json\/wp\/v2\/posts\/24375\/revisions\/24381"}],"wp:featuredmedia":[{"embeddable":true,"href":"https:\/\/radiostudiow.com.br\/site\/wp-json\/wp\/v2\/media\/20169"}],"wp:attachment":[{"href":"https:\/\/radiostudiow.com.br\/site\/wp-json\/wp\/v2\/media?parent=24375"}],"wp:term":[{"taxonomy":"category","embeddable":true,"href":"https:\/\/radiostudiow.com.br\/site\/wp-json\/wp\/v2\/categories?post=24375"},{"taxonomy":"post_tag","embeddable":true,"href":"https:\/\/radiostudiow.com.br\/site\/wp-json\/wp\/v2\/tags?post=24375"}],"curies":[{"name":"wp","href":"https:\/\/api.w.org\/{rel}","templated":true}]}}