{"id":24384,"date":"2024-07-09T09:38:47","date_gmt":"2024-07-09T12:38:47","guid":{"rendered":"https:\/\/radiostudiow.com.br\/site\/?p=24384"},"modified":"2025-01-31T14:59:10","modified_gmt":"2025-01-31T17:59:10","slug":"ganhando-o-mundo-eja-e-outras-atividades-nao-param-durante-o-recesso-escolar","status":"publish","type":"post","link":"https:\/\/radiostudiow.com.br\/site\/2024\/07\/09\/ganhando-o-mundo-eja-e-outras-atividades-nao-param-durante-o-recesso-escolar\/","title":{"rendered":"Ganhando o Mundo, EJA e outras atividades n\u00e3o param durante o recesso escolar"},"content":{"rendered":"\n<p>O recesso escolar em toda a rede de ensino estadual come\u00e7ou neste segunda-feira (8) e vai at\u00e9 24 de julho.&nbsp;O per\u00edodo contempla aproximadamente 1 milh\u00e3o de alunos e mais de 67 mil professores em todo o Paran\u00e1.<\/p>\n\n\n\n<p>Durante o recesso, nos dias 22 e 23, as escolas estar\u00e3o voltadas para o estudo e planejamento do pr\u00f3ximo semestre letivo, quando professores, pedagogos, diretores e colaboradores, se re\u00fanem para definir as diretrizes educacionais a serem aplicadas durante os pr\u00f3ximos seis meses de aula.&nbsp;<\/p>\n\n\n\n<figure class=\"wp-block-image size-full is-resized\"><img decoding=\"async\" src=\"https:\/\/radiostudiow.com.br\/site\/wp-content\/uploads\/2024\/04\/image-45.png\" alt=\"\" class=\"wp-image-21394\" style=\"width:633px;height:auto\"\/><\/figure>\n\n\n\n<p><strong>GANHANDO O MUNDO\u00a0<\/strong>\u2013 Em fase de convoca\u00e7\u00f5es, o Ganhando o Mundo 2025 ser\u00e1 a maior edi\u00e7\u00e3o do programa desde o seu lan\u00e7amento e levar\u00e1 1.200 alunos da rede de ensino para cinco pa\u00edses de l\u00edngua inglesa (Austr\u00e1lia, Canad\u00e1, Irlanda, Nova Zel\u00e2ndia e Reino Unido).<\/p>\n\n\n\n<p>Durante seis meses, os jovens far\u00e3o curso equivalente ao Ensino M\u00e9dio no Brasil, com todas as despesas pagas. Participaram do processo seletivo 12 mil alunos e, do total de 1.200 vagas abertas, 1.100 j\u00e1 est\u00e3o preenchidas. Em agosto, mais 50 intercambistas da atual edi\u00e7\u00e3o embarcar\u00e3o rumo aos Estados Unidos.<\/p>\n\n\n\n<p><strong>EJA&nbsp;<\/strong>\u2013 Oportunidade para quem deseja retomar estudos do Ensino Fundamental II (anos finais) ou do Ensino M\u00e9dio, conclua em menos tempo e conquistar novas chances no mercado de trabalho, a EJA ofertar\u00e1 neste semestre 40 mil vagas em institui\u00e7\u00f5es de 277 munic\u00edpios, totalizando cerca de 2 mil novas turmas.<\/p>\n\n\n\n<p>As inscri\u00e7\u00f5es v\u00e3o at\u00e9 9 de agosto e podem se matricular estudantes do Ensino Fundamental, com idade m\u00ednima de 15 anos completos, e tamb\u00e9m do Ensino M\u00e9dio, com, no m\u00ednimo, 18 anos completos. A lista de institui\u00e7\u00f5es nas quais os cursos poder\u00e3o ser realizados pode ser consultada\u00a0<strong>www.areadoaluno.seed.pr.gov.br<\/strong>.<\/p>\n\n\n\n<figure class=\"wp-block-image size-full\"><img loading=\"lazy\" decoding=\"async\" width=\"598\" height=\"204\" src=\"https:\/\/radiostudiow.com.br\/site\/wp-content\/uploads\/2024\/04\/image-39.png\" alt=\"\" class=\"wp-image-21311\" srcset=\"https:\/\/radiostudiow.com.br\/site\/wp-content\/uploads\/2024\/04\/image-39.png 598w, https:\/\/radiostudiow.com.br\/site\/wp-content\/uploads\/2024\/04\/image-39-300x102.png 300w\" sizes=\"auto, (max-width: 598px) 100vw, 598px\" \/><\/figure>\n\n\n\n<p><strong>JOGOS ESCOLARES&nbsp;<\/strong>\u2013 As fases finais dos 70\u00ba Jogos Escolares do Paran\u00e1 (JEPS) est\u00e3o prestes a come\u00e7ar. Este evento tem como objetivo promover a pr\u00e1tica educacional do esporte, incentivando a participa\u00e7\u00e3o dos estudantes, fomentando o interesse pelo esporte como ferramenta educativa, promovendo a inclus\u00e3o de alunos de diversas idades e habilidades, e enriquecendo seu desenvolvimento integral. Com isso, contribui para o exerc\u00edcio da cidadania e a forma\u00e7\u00e3o de uma sociedade mais inclusiva e consciente.<\/p>\n\n\n\n<p>A competi\u00e7\u00e3o conta com a participa\u00e7\u00e3o de 13.000 estudantes-atletas do Ensino Fundamental e M\u00e9dio, juntamente com seus professores-treinadores. A Fase Final para a categoria de 12 a 14 anos ser\u00e1 realizada de 12 a 20 de julho de 2024, em Campo Mour\u00e3o, com a cerim\u00f4nia de abertura marcada para o dia 12 de julho, \u00e0s 19 horas. J\u00e1 a Fase Final para a categoria de 15 a 17 anos acontecer\u00e1 de 02 a 10 de agosto de 2024, em Pato Branco, com a cerim\u00f4nia de abertura no dia 02 de agosto, tamb\u00e9m \u00e0s 19 horas.<\/p>\n","protected":false},"excerpt":{"rendered":"<p>O recesso escolar em toda a rede de ensino estadual come\u00e7ou neste segunda-feira (8) e vai at\u00e9 24 de julho.&nbsp;O per\u00edodo contempla aproximadamente 1 milh\u00e3o de alunos e mais de 67 mil professores em todo o Paran\u00e1. Durante o recesso, nos dias 22 e 23, as escolas estar\u00e3o voltadas para o estudo e planejamento do [&hellip;]<\/p>\n","protected":false},"author":2,"featured_media":24410,"comment_status":"open","ping_status":"open","sticky":false,"template":"","format":"standard","meta":{"footnotes":""},"categories":[7],"tags":[172],"class_list":["post-24384","post","type-post","status-publish","format-standard","has-post-thumbnail","hentry","category-geral","tag-featured"],"amp_enabled":true,"_links":{"self":[{"href":"https:\/\/radiostudiow.com.br\/site\/wp-json\/wp\/v2\/posts\/24384","targetHints":{"allow":["GET"]}}],"collection":[{"href":"https:\/\/radiostudiow.com.br\/site\/wp-json\/wp\/v2\/posts"}],"about":[{"href":"https:\/\/radiostudiow.com.br\/site\/wp-json\/wp\/v2\/types\/post"}],"author":[{"embeddable":true,"href":"https:\/\/radiostudiow.com.br\/site\/wp-json\/wp\/v2\/users\/2"}],"replies":[{"embeddable":true,"href":"https:\/\/radiostudiow.com.br\/site\/wp-json\/wp\/v2\/comments?post=24384"}],"version-history":[{"count":2,"href":"https:\/\/radiostudiow.com.br\/site\/wp-json\/wp\/v2\/posts\/24384\/revisions"}],"predecessor-version":[{"id":24411,"href":"https:\/\/radiostudiow.com.br\/site\/wp-json\/wp\/v2\/posts\/24384\/revisions\/24411"}],"wp:featuredmedia":[{"embeddable":true,"href":"https:\/\/radiostudiow.com.br\/site\/wp-json\/wp\/v2\/media\/24410"}],"wp:attachment":[{"href":"https:\/\/radiostudiow.com.br\/site\/wp-json\/wp\/v2\/media?parent=24384"}],"wp:term":[{"taxonomy":"category","embeddable":true,"href":"https:\/\/radiostudiow.com.br\/site\/wp-json\/wp\/v2\/categories?post=24384"},{"taxonomy":"post_tag","embeddable":true,"href":"https:\/\/radiostudiow.com.br\/site\/wp-json\/wp\/v2\/tags?post=24384"}],"curies":[{"name":"wp","href":"https:\/\/api.w.org\/{rel}","templated":true}]}}