{"id":24388,"date":"2024-07-09T17:21:53","date_gmt":"2024-07-09T20:21:53","guid":{"rendered":"https:\/\/radiostudiow.com.br\/site\/?p=24388"},"modified":"2025-01-31T14:59:10","modified_gmt":"2025-01-31T17:59:10","slug":"atualizar-a-carteira-de-vacinacao-protege-criancas-e-jovens-em-passeios-e-viagens","status":"publish","type":"post","link":"https:\/\/radiostudiow.com.br\/site\/2024\/07\/09\/atualizar-a-carteira-de-vacinacao-protege-criancas-e-jovens-em-passeios-e-viagens\/","title":{"rendered":"Atualizar a carteira de vacina\u00e7\u00e3o protege crian\u00e7as e jovens em passeios e viagens"},"content":{"rendered":"\n<p>Muitas fam\u00edlias aproveitam as f\u00e9rias de julho para passear em outros locais do Estado, do Pa\u00eds ou mesmo no Exterior. Por isso, a Secretaria de Estado da Sa\u00fade (Sesa) chama a aten\u00e7\u00e3o de pais e respons\u00e1veis por crian\u00e7as e adolescentes para aproveitarem essa \u00e9poca do ano e atualizarem a carteira de vacina\u00e7\u00e3o, garantindo prote\u00e7\u00e3o durante e ap\u00f3s as f\u00e9rias.\u00a0<\/p>\n\n\n\n<figure class=\"wp-block-image size-full\"><img loading=\"lazy\" decoding=\"async\" width=\"300\" height=\"180\" src=\"https:\/\/radiostudiow.com.br\/site\/wp-content\/uploads\/2024\/04\/SITE-PEQUENO-1.png\" alt=\"\" class=\"wp-image-21868\"\/><\/figure>\n\n\n\n<p>Para viagens no Brasil, a orienta\u00e7\u00e3o \u00e9 que estejam atualizadas, especialmente, as imuniza\u00e7\u00f5es contra febre amarela, poliomielite, sarampo, rub\u00e9ola, difteria e t\u00e9tano. Se a op\u00e7\u00e3o for por viagens ao Exterior, \u00e9 preciso estar atento \u00e0s orienta\u00e7\u00f5es de cada pa\u00eds, inclusive o prazo de anteced\u00eancia para estar devidamente imunizado na data da viagem.&nbsp;No Paran\u00e1, est\u00e3o dispon\u00edveis 1.930 salas de vacina\u00e7\u00e3o para a atualiza\u00e7\u00e3o do documento.<\/p>\n\n\n\n<p>Considerada um direito do cidad\u00e3o, a imuniza\u00e7\u00e3o faz parte da Aten\u00e7\u00e3o Prim\u00e1ria e \u00e9 uma das medidas mais importantes para a redu\u00e7\u00e3o de doen\u00e7as, sequelas e mortes. De acordo com a Organiza\u00e7\u00e3o Mundial de Sa\u00fade (OMS), existem vacinas para a preven\u00e7\u00e3o de mais de 20 doen\u00e7as fatais, o que evita cerca de 2 milh\u00f5es a 3 milh\u00f5es de mortes todos os anos por doen\u00e7as, como difteria, t\u00e9tano, coqueluche, influenza e sarampo.<\/p>\n\n\n\n<p>Segundo a\u00a0chefe da Divis\u00e3o de Vigil\u00e2ncia do Programa de\u00a0Imuniza\u00e7\u00e3o da Sesa,\u00a0Virginia\u00a0Dobkowski Franco dos Santos, o\u00a0per\u00edodo das f\u00e9rias de julho pode ser ideal para a atualiza\u00e7\u00e3o do documento n\u00e3o s\u00f3 das crian\u00e7as, mas de toda a fam\u00edlia. <strong><em>\u201cUma forma de cuidado e carinho, que traz benef\u00edcios e previne muitas doen\u00e7as e evita dor de cabe\u00e7a futura. As vacinas est\u00e3o distribu\u00eddas em todo o Paran\u00e1 durante o ano todo\u201d, ressalta.<\/em><\/strong><\/p>\n\n\n\n<figure class=\"wp-block-image size-full\"><img loading=\"lazy\" decoding=\"async\" width=\"598\" height=\"204\" src=\"https:\/\/radiostudiow.com.br\/site\/wp-content\/uploads\/2024\/04\/image-29.png\" alt=\"\" class=\"wp-image-21283\" srcset=\"https:\/\/radiostudiow.com.br\/site\/wp-content\/uploads\/2024\/04\/image-29.png 598w, https:\/\/radiostudiow.com.br\/site\/wp-content\/uploads\/2024\/04\/image-29-300x102.png 300w\" sizes=\"auto, (max-width: 598px) 100vw, 598px\" \/><\/figure>\n\n\n\n<p>A Sesa ainda refor\u00e7a que a vacina contra a gripe pode ser uma grande aliada para a defesa do organismo nesta \u00e9poca do ano. Ela \u00e9 gratuita no Sistema \u00danico de Sa\u00fade (SUS) e est\u00e1 dispon\u00edvel para todas as faixas et\u00e1rias a partir dos seis meses de idade.<\/p>\n\n\n\n<p><strong><em>&#8220;Com a chegada do inverno \u00e9 esperado que doen\u00e7as respirat\u00f3rias como a gripe ganhem destaque entre as manifesta\u00e7\u00f5es em crian\u00e7as. Por isso, \u00e9 importante que as fam\u00edlias utilizem o per\u00edodo das f\u00e9rias escolares para colocarem o calend\u00e1rio de vacina\u00e7\u00e3o dos pequenos em dia\u201d, complementa a chefe da Divis\u00e3o de Aten\u00e7\u00e3o \u00e0 Sa\u00fade da Crian\u00e7a e do Adolescente da Sesa, Fernanda Crosewski.<\/em><\/strong><\/p>\n\n\n\n<p><strong>COBERTURA &#8211;\u00a0<\/strong>De acordo o painel cobertura vacinal do Minist\u00e9rio da Sa\u00fade, com dados preliminares at\u00e9 maio, as coberturas vacinais do Paran\u00e1 de crian\u00e7as at\u00e9 2 anos s\u00e3o: \u00a0BCG \u2013 88,21 %; Hepatite B \u2013 84,64%; a Febre Amarela &#8211; 74,24%; Hepatite A \u2013 80,41%; Menincoc\u00f3cica conj. C \u2013 69,18%; Pentavalente \u2013 85,65%; Pneumoc\u00f3ccica 10 \u2013 80,18%; Poliomielite Injet\u00e1vel \u2013 85,29%; Rotav\u00edrus Humano \u2013 82,60%; Tr\u00edplice Viral-D1 \u2013 92,08%; Varicela\/Tetraviral \u2013 74,05%; DTP (1\u00ba ref) &#8211; 77,96%; Menincoc\u00f3cica conj. C (1\u00ba ref) &#8211; 68,63%; Pneumoc\u00f3ccica 10 (1\u00ba ref) &#8211; 79,41%; Poliomielite Oral &#8211; 77,56%.<\/p>\n\n\n\n<h2 class=\"wp-block-heading\"><strong>Confira a finalidade das principais vacinas ofertadas no Paran\u00e1:<\/strong><\/h2>\n\n\n\n<p>&nbsp;&#8211; BCG:&nbsp;protege contra formas graves de tuberculose<\/p>\n\n\n\n<p>&nbsp;&#8211; Pentavalente:&nbsp;contra difteria, t\u00e9tano, coqueluche, hepatite B e haemophilus influenzae tipo B (bact\u00e9ria que causa meningite)<\/p>\n\n\n\n<p>&nbsp;&#8211; Pneumoc\u00f3cica 10-valente:&nbsp;contra pneumococo, bact\u00e9ria que causa pneumonia e meningite<\/p>\n\n\n\n<p>&nbsp;&#8211; Meningoc\u00f3cica C:&nbsp;contra o meningococo C, bact\u00e9ria que causa meningite<\/p>\n\n\n\n<p>&nbsp;&#8211; Rotav\u00edrus:&nbsp;contra diarr\u00e9ia e desidrata\u00e7\u00e3o<\/p>\n\n\n\n<p>&nbsp;&#8211; VIP:&nbsp;contra os sorotipos 1, 2 e 3 da poliomielite<\/p>\n\n\n\n<p>&nbsp;&#8211; VOPb:&nbsp;protege contra os sorotipos 1 e 3 da poliomielite<\/p>\n\n\n\n<p>&nbsp;&#8211; Dupla Adulto (dT):&nbsp;contra difteria e t\u00e9tano<\/p>\n\n\n\n<p>&nbsp;&#8211; Tr\u00edplice Viral:&nbsp;protege contra sarampo, caxumba e rub\u00e9ola<\/p>\n\n\n\n<p>&nbsp;&#8211; Tr\u00edplice Bacteriana (DTP):&nbsp;protege contra difteria, t\u00e9tano e coqueluche<\/p>\n\n\n\n<p>&nbsp;&#8211; dTpa:&nbsp;\u00e9 administrada em gestantes e protege contra difteria, t\u00e9tano e coqueluche<\/p>\n\n\n\n<p>&nbsp;&#8211; Varicela:&nbsp;contra catapora<\/p>\n\n\n\n<p>&nbsp;&#8211; HPV:&nbsp;protege contra quatro tipos de papilomav\u00edrus humano, dois deles respons\u00e1veis por 90% das verrugas genitais e os outros dois pelo aparecimento de cerca de 70% dos casos de c\u00e2ncer de colo do \u00fatero<\/p>\n\n\n\n<p>&nbsp;&#8211; Febre Amarela:&nbsp;protege contra a doen\u00e7a e \u00e9 recomendada para as pessoas que v\u00e3o se deslocar para \u00e1reas fora do Paran\u00e1, que tenham recomenda\u00e7\u00e3o de vacina\u00e7\u00e3o<\/p>\n","protected":false},"excerpt":{"rendered":"<p>Muitas fam\u00edlias aproveitam as f\u00e9rias de julho para passear em outros locais do Estado, do Pa\u00eds ou mesmo no Exterior. Por isso, a Secretaria de Estado da Sa\u00fade (Sesa) chama a aten\u00e7\u00e3o de pais e respons\u00e1veis por crian\u00e7as e adolescentes para aproveitarem essa \u00e9poca do ano e atualizarem a carteira de vacina\u00e7\u00e3o, garantindo prote\u00e7\u00e3o durante [&hellip;]<\/p>\n","protected":false},"author":2,"featured_media":24412,"comment_status":"open","ping_status":"open","sticky":false,"template":"","format":"standard","meta":{"footnotes":""},"categories":[7],"tags":[172],"class_list":["post-24388","post","type-post","status-publish","format-standard","has-post-thumbnail","hentry","category-geral","tag-featured"],"amp_enabled":true,"_links":{"self":[{"href":"https:\/\/radiostudiow.com.br\/site\/wp-json\/wp\/v2\/posts\/24388","targetHints":{"allow":["GET"]}}],"collection":[{"href":"https:\/\/radiostudiow.com.br\/site\/wp-json\/wp\/v2\/posts"}],"about":[{"href":"https:\/\/radiostudiow.com.br\/site\/wp-json\/wp\/v2\/types\/post"}],"author":[{"embeddable":true,"href":"https:\/\/radiostudiow.com.br\/site\/wp-json\/wp\/v2\/users\/2"}],"replies":[{"embeddable":true,"href":"https:\/\/radiostudiow.com.br\/site\/wp-json\/wp\/v2\/comments?post=24388"}],"version-history":[{"count":2,"href":"https:\/\/radiostudiow.com.br\/site\/wp-json\/wp\/v2\/posts\/24388\/revisions"}],"predecessor-version":[{"id":24413,"href":"https:\/\/radiostudiow.com.br\/site\/wp-json\/wp\/v2\/posts\/24388\/revisions\/24413"}],"wp:featuredmedia":[{"embeddable":true,"href":"https:\/\/radiostudiow.com.br\/site\/wp-json\/wp\/v2\/media\/24412"}],"wp:attachment":[{"href":"https:\/\/radiostudiow.com.br\/site\/wp-json\/wp\/v2\/media?parent=24388"}],"wp:term":[{"taxonomy":"category","embeddable":true,"href":"https:\/\/radiostudiow.com.br\/site\/wp-json\/wp\/v2\/categories?post=24388"},{"taxonomy":"post_tag","embeddable":true,"href":"https:\/\/radiostudiow.com.br\/site\/wp-json\/wp\/v2\/tags?post=24388"}],"curies":[{"name":"wp","href":"https:\/\/api.w.org\/{rel}","templated":true}]}}