{"id":24390,"date":"2024-07-08T17:44:17","date_gmt":"2024-07-08T20:44:17","guid":{"rendered":"https:\/\/radiostudiow.com.br\/site\/?p=24390"},"modified":"2025-01-31T14:59:10","modified_gmt":"2025-01-31T17:59:10","slug":"br-476-colisao-envolveu-dois-veiculos","status":"publish","type":"post","link":"https:\/\/radiostudiow.com.br\/site\/2024\/07\/08\/br-476-colisao-envolveu-dois-veiculos\/","title":{"rendered":"BR-476: colis\u00e3o envolveu dois ve\u00edculos"},"content":{"rendered":"\n<p>Um acidente do tipo colis\u00e3o foi registrado no fim de manh\u00e3 desta segunda-feira, 08 de julho, na BR-476, em S\u00e3o Mateus do Sul pr\u00f3ximo a sa\u00edda para Uni\u00e3o da Vit\u00f3ria.<\/p>\n\n\n\n<p>A batida envolveu um Fiat\/Argo e um VW\/Gol, e ocasionou apenas danos materiais.<\/p>\n\n\n\n<figure class=\"wp-block-image size-full\"><img decoding=\"async\" src=\"https:\/\/radiostudiow.com.br\/site\/wp-content\/uploads\/2024\/04\/SITE-MEDIO.png\" alt=\"\" class=\"wp-image-21854\"\/><\/figure>\n\n\n\n<p>Por ser hor\u00e1rio de bastante movimento, os condutores dos demais ve\u00edculos precisaram tomar cuidado ao desviar da batida at\u00e9 a retirada dos carros do meio da pista.<\/p>\n","protected":false},"excerpt":{"rendered":"<p>Um acidente do tipo colis\u00e3o foi registrado no fim de manh\u00e3 desta segunda-feira, 08 de julho, na BR-476, em S\u00e3o Mateus do Sul pr\u00f3ximo a sa\u00edda para Uni\u00e3o da Vit\u00f3ria. A batida envolveu um Fiat\/Argo e um VW\/Gol, e ocasionou apenas danos materiais. Por ser hor\u00e1rio de bastante movimento, os condutores dos demais ve\u00edculos precisaram [&hellip;]<\/p>\n","protected":false},"author":2,"featured_media":24397,"comment_status":"open","ping_status":"open","sticky":false,"template":"","format":"standard","meta":{"footnotes":""},"categories":[7],"tags":[172],"class_list":["post-24390","post","type-post","status-publish","format-standard","has-post-thumbnail","hentry","category-geral","tag-featured"],"amp_enabled":true,"_links":{"self":[{"href":"https:\/\/radiostudiow.com.br\/site\/wp-json\/wp\/v2\/posts\/24390","targetHints":{"allow":["GET"]}}],"collection":[{"href":"https:\/\/radiostudiow.com.br\/site\/wp-json\/wp\/v2\/posts"}],"about":[{"href":"https:\/\/radiostudiow.com.br\/site\/wp-json\/wp\/v2\/types\/post"}],"author":[{"embeddable":true,"href":"https:\/\/radiostudiow.com.br\/site\/wp-json\/wp\/v2\/users\/2"}],"replies":[{"embeddable":true,"href":"https:\/\/radiostudiow.com.br\/site\/wp-json\/wp\/v2\/comments?post=24390"}],"version-history":[{"count":3,"href":"https:\/\/radiostudiow.com.br\/site\/wp-json\/wp\/v2\/posts\/24390\/revisions"}],"predecessor-version":[{"id":24398,"href":"https:\/\/radiostudiow.com.br\/site\/wp-json\/wp\/v2\/posts\/24390\/revisions\/24398"}],"wp:featuredmedia":[{"embeddable":true,"href":"https:\/\/radiostudiow.com.br\/site\/wp-json\/wp\/v2\/media\/24397"}],"wp:attachment":[{"href":"https:\/\/radiostudiow.com.br\/site\/wp-json\/wp\/v2\/media?parent=24390"}],"wp:term":[{"taxonomy":"category","embeddable":true,"href":"https:\/\/radiostudiow.com.br\/site\/wp-json\/wp\/v2\/categories?post=24390"},{"taxonomy":"post_tag","embeddable":true,"href":"https:\/\/radiostudiow.com.br\/site\/wp-json\/wp\/v2\/tags?post=24390"}],"curies":[{"name":"wp","href":"https:\/\/api.w.org\/{rel}","templated":true}]}}