{"id":24392,"date":"2024-07-08T17:23:49","date_gmt":"2024-07-08T20:23:49","guid":{"rendered":"https:\/\/radiostudiow.com.br\/site\/?p=24392"},"modified":"2025-01-31T14:59:10","modified_gmt":"2025-01-31T17:59:10","slug":"veiculo-capota-na-rodovia-prc-280-em-general-carneiro","status":"publish","type":"post","link":"https:\/\/radiostudiow.com.br\/site\/2024\/07\/08\/veiculo-capota-na-rodovia-prc-280-em-general-carneiro\/","title":{"rendered":"Ve\u00edculo capota na rodovia\u00a0PRC-280 em General Carneiro"},"content":{"rendered":"\n<p>A equipe do Corpo de Bombeiros da Defesa Civil de General Carneiro foi acionada para atender a um acidente de tr\u00e2nsito na rodovia\u00a0PRC 280, no KM 523 por volta das 15h48 horas neste domingo (07).<\/p>\n\n\n\n<figure class=\"wp-block-image size-full is-resized\"><img decoding=\"async\" src=\"https:\/\/radiostudiow.com.br\/site\/wp-content\/uploads\/2024\/04\/image-45.png\" alt=\"\" class=\"wp-image-21394\" style=\"width:642px;height:auto\"\/><\/figure>\n\n\n\n<p>No local, os bombeiros encontraram um ve\u00edculo Peugeot de cor branca, com placas de S\u00e3o Paulo, capotado fora da pista. Tr\u00eas v\u00edtimas j\u00e1 estavam fora do carro quando a equipe chegou.<\/p>\n\n\n\n<p>As v\u00edtimas foram prontamente atendidas pela equipe do SAMU e encaminhadas para atendimento m\u00e9dico. A Pol\u00edcia Rodovi\u00e1ria assumiu o controle do local para dar continuidade \u00e0s provid\u00eancias necess\u00e1rias.<\/p>\n","protected":false},"excerpt":{"rendered":"<p>A equipe do Corpo de Bombeiros da Defesa Civil de General Carneiro foi acionada para atender a um acidente de tr\u00e2nsito na rodovia\u00a0PRC 280, no KM 523 por volta das 15h48 horas neste domingo (07). No local, os bombeiros encontraram um ve\u00edculo Peugeot de cor branca, com placas de S\u00e3o Paulo, capotado fora da pista. [&hellip;]<\/p>\n","protected":false},"author":2,"featured_media":0,"comment_status":"open","ping_status":"open","sticky":false,"template":"","format":"standard","meta":{"footnotes":""},"categories":[2],"tags":[172],"class_list":["post-24392","post","type-post","status-publish","format-standard","hentry","category-policial","tag-featured"],"amp_enabled":true,"_links":{"self":[{"href":"https:\/\/radiostudiow.com.br\/site\/wp-json\/wp\/v2\/posts\/24392","targetHints":{"allow":["GET"]}}],"collection":[{"href":"https:\/\/radiostudiow.com.br\/site\/wp-json\/wp\/v2\/posts"}],"about":[{"href":"https:\/\/radiostudiow.com.br\/site\/wp-json\/wp\/v2\/types\/post"}],"author":[{"embeddable":true,"href":"https:\/\/radiostudiow.com.br\/site\/wp-json\/wp\/v2\/users\/2"}],"replies":[{"embeddable":true,"href":"https:\/\/radiostudiow.com.br\/site\/wp-json\/wp\/v2\/comments?post=24392"}],"version-history":[{"count":2,"href":"https:\/\/radiostudiow.com.br\/site\/wp-json\/wp\/v2\/posts\/24392\/revisions"}],"predecessor-version":[{"id":24395,"href":"https:\/\/radiostudiow.com.br\/site\/wp-json\/wp\/v2\/posts\/24392\/revisions\/24395"}],"wp:attachment":[{"href":"https:\/\/radiostudiow.com.br\/site\/wp-json\/wp\/v2\/media?parent=24392"}],"wp:term":[{"taxonomy":"category","embeddable":true,"href":"https:\/\/radiostudiow.com.br\/site\/wp-json\/wp\/v2\/categories?post=24392"},{"taxonomy":"post_tag","embeddable":true,"href":"https:\/\/radiostudiow.com.br\/site\/wp-json\/wp\/v2\/tags?post=24392"}],"curies":[{"name":"wp","href":"https:\/\/api.w.org\/{rel}","templated":true}]}}