{"id":24422,"date":"2024-07-09T17:03:17","date_gmt":"2024-07-09T20:03:17","guid":{"rendered":"https:\/\/radiostudiow.com.br\/site\/?p=24422"},"modified":"2025-01-31T14:59:10","modified_gmt":"2025-01-31T17:59:10","slug":"motociclista-e-arremessado-para-o-alto-apos-acidente-em-uniao-da-vitoria","status":"publish","type":"post","link":"https:\/\/radiostudiow.com.br\/site\/2024\/07\/09\/motociclista-e-arremessado-para-o-alto-apos-acidente-em-uniao-da-vitoria\/","title":{"rendered":"Motociclista \u00e9 arremessado para o alto ap\u00f3s acidente em Uni\u00e3o da Vit\u00f3ria"},"content":{"rendered":"\n<p>Um motociclista de 23 anos de idade, foi arremessado para o alto em um acidente registrado no in\u00edcio da noite dessa segunda-feira, 08 de julho, em Uni\u00e3o da Vit\u00f3ria.<\/p>\n\n\n\n<figure class=\"wp-block-image size-large\"><img loading=\"lazy\" decoding=\"async\" width=\"1024\" height=\"390\" src=\"https:\/\/radiostudiow.com.br\/site\/wp-content\/uploads\/2024\/06\/449383450_900410565459867_7398886830294326458_n-1024x390.png\" alt=\"\" class=\"wp-image-24042\" srcset=\"https:\/\/radiostudiow.com.br\/site\/wp-content\/uploads\/2024\/06\/449383450_900410565459867_7398886830294326458_n-1024x390.png 1024w, https:\/\/radiostudiow.com.br\/site\/wp-content\/uploads\/2024\/06\/449383450_900410565459867_7398886830294326458_n-300x114.png 300w, https:\/\/radiostudiow.com.br\/site\/wp-content\/uploads\/2024\/06\/449383450_900410565459867_7398886830294326458_n-768x292.png 768w, https:\/\/radiostudiow.com.br\/site\/wp-content\/uploads\/2024\/06\/449383450_900410565459867_7398886830294326458_n-1536x584.png 1536w, https:\/\/radiostudiow.com.br\/site\/wp-content\/uploads\/2024\/06\/449383450_900410565459867_7398886830294326458_n-2048x779.png 2048w\" sizes=\"auto, (max-width: 1024px) 100vw, 1024px\" \/><\/figure>\n\n\n\n<p>Conforme informa\u00e7\u00f5es, o acidente aconteceu no cruzamento da Avenida Coronel Amazonas e Avenida Wilkys Amazonas Correia, no bairro Nossa Senhora da Salete. O motociclista colidiu contra um ve\u00edculo Fiat\/Elba.<\/p>\n\n\n\n<p>O jovem foi socorrido pelo Corpo de Bombeiros apresentando corte contuso e suspeita de fratura. Ele foi encaminhado para cuidados m\u00e9dicos no hospital Regional de Uni\u00e3o da Vit\u00f3ria.<\/p>\n\n\n\n<p>VEJA O V\u00cdDEO:<\/p>\n\n\n\n<figure class=\"wp-block-video\"><video controls src=\"https:\/\/radiostudiow.com.br\/site\/wp-content\/uploads\/2024\/07\/WhatsApp-Video-2024-07-08-at-21.13.48.mp4\"><\/video><\/figure>\n","protected":false},"excerpt":{"rendered":"<p>Um motociclista de 23 anos de idade, foi arremessado para o alto em um acidente registrado no in\u00edcio da noite dessa segunda-feira, 08 de julho, em Uni\u00e3o da Vit\u00f3ria. Conforme informa\u00e7\u00f5es, o acidente aconteceu no cruzamento da Avenida Coronel Amazonas e Avenida Wilkys Amazonas Correia, no bairro Nossa Senhora da Salete. O motociclista colidiu contra [&hellip;]<\/p>\n","protected":false},"author":2,"featured_media":24423,"comment_status":"open","ping_status":"open","sticky":false,"template":"","format":"standard","meta":{"footnotes":""},"categories":[185],"tags":[172],"class_list":["post-24422","post","type-post","status-publish","format-standard","has-post-thumbnail","hentry","category-regional","tag-featured"],"amp_enabled":true,"_links":{"self":[{"href":"https:\/\/radiostudiow.com.br\/site\/wp-json\/wp\/v2\/posts\/24422","targetHints":{"allow":["GET"]}}],"collection":[{"href":"https:\/\/radiostudiow.com.br\/site\/wp-json\/wp\/v2\/posts"}],"about":[{"href":"https:\/\/radiostudiow.com.br\/site\/wp-json\/wp\/v2\/types\/post"}],"author":[{"embeddable":true,"href":"https:\/\/radiostudiow.com.br\/site\/wp-json\/wp\/v2\/users\/2"}],"replies":[{"embeddable":true,"href":"https:\/\/radiostudiow.com.br\/site\/wp-json\/wp\/v2\/comments?post=24422"}],"version-history":[{"count":1,"href":"https:\/\/radiostudiow.com.br\/site\/wp-json\/wp\/v2\/posts\/24422\/revisions"}],"predecessor-version":[{"id":24425,"href":"https:\/\/radiostudiow.com.br\/site\/wp-json\/wp\/v2\/posts\/24422\/revisions\/24425"}],"wp:featuredmedia":[{"embeddable":true,"href":"https:\/\/radiostudiow.com.br\/site\/wp-json\/wp\/v2\/media\/24423"}],"wp:attachment":[{"href":"https:\/\/radiostudiow.com.br\/site\/wp-json\/wp\/v2\/media?parent=24422"}],"wp:term":[{"taxonomy":"category","embeddable":true,"href":"https:\/\/radiostudiow.com.br\/site\/wp-json\/wp\/v2\/categories?post=24422"},{"taxonomy":"post_tag","embeddable":true,"href":"https:\/\/radiostudiow.com.br\/site\/wp-json\/wp\/v2\/tags?post=24422"}],"curies":[{"name":"wp","href":"https:\/\/api.w.org\/{rel}","templated":true}]}}