{"id":24431,"date":"2024-07-09T17:32:20","date_gmt":"2024-07-09T20:32:20","guid":{"rendered":"https:\/\/radiostudiow.com.br\/site\/?p=24431"},"modified":"2025-01-31T14:59:10","modified_gmt":"2025-01-31T17:59:10","slug":"registrado-acidente-entre-carro-e-motocicleta-em-uniao-da-vitoria","status":"publish","type":"post","link":"https:\/\/radiostudiow.com.br\/site\/2024\/07\/09\/registrado-acidente-entre-carro-e-motocicleta-em-uniao-da-vitoria\/","title":{"rendered":"Registrado acidente entre carro e motocicleta em Uni\u00e3o da Vit\u00f3ria"},"content":{"rendered":"\n<p>A equipe da Pol\u00edcia Militar e o Corpo de Bombeiros foram mobilizados no fim de tarde dessa segunda-feira, 08 de julho, para atender a um acidente de tr\u00e2nsito envolvendo um carro e uma motocicleta.<\/p>\n\n\n\n<figure class=\"wp-block-image size-full\"><img loading=\"lazy\" decoding=\"async\" width=\"897\" height=\"204\" src=\"https:\/\/radiostudiow.com.br\/site\/wp-content\/uploads\/2024\/04\/image-37.png\" alt=\"\" class=\"wp-image-21305\" srcset=\"https:\/\/radiostudiow.com.br\/site\/wp-content\/uploads\/2024\/04\/image-37.png 897w, https:\/\/radiostudiow.com.br\/site\/wp-content\/uploads\/2024\/04\/image-37-300x68.png 300w, https:\/\/radiostudiow.com.br\/site\/wp-content\/uploads\/2024\/04\/image-37-768x175.png 768w\" sizes=\"auto, (max-width: 897px) 100vw, 897px\" \/><\/figure>\n\n\n\n<p>Segundo informa\u00e7\u00f5es, o acidente aconteceu por volta das 16:35 horas na Avenida Coronel Amazonas, na regi\u00e3o no bairro Navegantes e envolveu um ve\u00edculo que acabou colidindo contra uma motocicleta, provocando danos materiais.<\/p>\n\n\n\n<p>O motociclista de 24 anos, sofreu alguns ferimentos leves, no entanto, recusou encaminhamento para uma unidade hospitalar. Os envolvidos foram orientados e o boletim confeccionado.<\/p>\n","protected":false},"excerpt":{"rendered":"<p>A equipe da Pol\u00edcia Militar e o Corpo de Bombeiros foram mobilizados no fim de tarde dessa segunda-feira, 08 de julho, para atender a um acidente de tr\u00e2nsito envolvendo um carro e uma motocicleta. Segundo informa\u00e7\u00f5es, o acidente aconteceu por volta das 16:35 horas na Avenida Coronel Amazonas, na regi\u00e3o no bairro Navegantes e envolveu [&hellip;]<\/p>\n","protected":false},"author":2,"featured_media":10918,"comment_status":"open","ping_status":"open","sticky":false,"template":"","format":"standard","meta":{"footnotes":""},"categories":[185],"tags":[172],"class_list":["post-24431","post","type-post","status-publish","format-standard","has-post-thumbnail","hentry","category-regional","tag-featured"],"amp_enabled":true,"_links":{"self":[{"href":"https:\/\/radiostudiow.com.br\/site\/wp-json\/wp\/v2\/posts\/24431","targetHints":{"allow":["GET"]}}],"collection":[{"href":"https:\/\/radiostudiow.com.br\/site\/wp-json\/wp\/v2\/posts"}],"about":[{"href":"https:\/\/radiostudiow.com.br\/site\/wp-json\/wp\/v2\/types\/post"}],"author":[{"embeddable":true,"href":"https:\/\/radiostudiow.com.br\/site\/wp-json\/wp\/v2\/users\/2"}],"replies":[{"embeddable":true,"href":"https:\/\/radiostudiow.com.br\/site\/wp-json\/wp\/v2\/comments?post=24431"}],"version-history":[{"count":2,"href":"https:\/\/radiostudiow.com.br\/site\/wp-json\/wp\/v2\/posts\/24431\/revisions"}],"predecessor-version":[{"id":24433,"href":"https:\/\/radiostudiow.com.br\/site\/wp-json\/wp\/v2\/posts\/24431\/revisions\/24433"}],"wp:featuredmedia":[{"embeddable":true,"href":"https:\/\/radiostudiow.com.br\/site\/wp-json\/wp\/v2\/media\/10918"}],"wp:attachment":[{"href":"https:\/\/radiostudiow.com.br\/site\/wp-json\/wp\/v2\/media?parent=24431"}],"wp:term":[{"taxonomy":"category","embeddable":true,"href":"https:\/\/radiostudiow.com.br\/site\/wp-json\/wp\/v2\/categories?post=24431"},{"taxonomy":"post_tag","embeddable":true,"href":"https:\/\/radiostudiow.com.br\/site\/wp-json\/wp\/v2\/tags?post=24431"}],"curies":[{"name":"wp","href":"https:\/\/api.w.org\/{rel}","templated":true}]}}