{"id":24438,"date":"2024-07-09T17:50:00","date_gmt":"2024-07-09T20:50:00","guid":{"rendered":"https:\/\/radiostudiow.com.br\/site\/?p=24438"},"modified":"2025-01-31T14:59:10","modified_gmt":"2025-01-31T17:59:10","slug":"comissao-adia-votacao-de-projeto-que-regulamenta-cigarros-eletronicos","status":"publish","type":"post","link":"https:\/\/radiostudiow.com.br\/site\/2024\/07\/09\/comissao-adia-votacao-de-projeto-que-regulamenta-cigarros-eletronicos\/","title":{"rendered":"Comiss\u00e3o adia vota\u00e7\u00e3o de projeto que regulamenta cigarros eletr\u00f4nicos"},"content":{"rendered":"\n<p>A Comiss\u00e3o de Assuntos Econ\u00f4micos (CAE) do Senado voltou a adiar, nesta ter\u00e7a-feira (9), a vota\u00e7\u00e3o do Projeto de Lei (PL) 5.008\/2023, que regulamenta a produ\u00e7\u00e3o, \u00a0comercializa\u00e7\u00e3o, fiscaliza\u00e7\u00e3o e propaganda de cigarros eletr\u00f4nicos no Brasil. A vota\u00e7\u00e3o do texto j\u00e1 havia entrado na pauta da reuni\u00e3o de 11 de junho, quando a senadora Damares Alves (Republicanos-DF) apresentou requerimento de adiamento de discuss\u00e3o aprovado simbolicamente pelo colegiado.<\/p>\n\n\n\n<figure class=\"wp-block-image size-full\"><img decoding=\"async\" src=\"https:\/\/radiostudiow.com.br\/site\/wp-content\/uploads\/2024\/04\/image-58.png\" alt=\"\" class=\"wp-image-21416\"\/><\/figure>\n\n\n\n<p>Hoje, o tema entrou novamente na pauta da CAE, mas a vota\u00e7\u00e3o foi adiada mediante requerimento de adiamento de discuss\u00e3o apresentado pelo senador Mecias de Jesus (Republicanos-RR). Com isso, a previs\u00e3o \u00e9 que a mat\u00e9ria entre na pauta de vota\u00e7\u00e3o da comiss\u00e3o no dia 20 de agosto. Na sequ\u00eancia, o texto ser\u00e1 analisado pela Comiss\u00e3o de Transpar\u00eancia, Governan\u00e7a, Fiscaliza\u00e7\u00e3o e Controle e Defesa do Consumidor do Senado.<\/p>\n\n\n\n<p>O PL, de autoria da senadora Soraya Thronicke (Podemos-MS), estabelece uma s\u00e9rie de exig\u00eancias para a comercializa\u00e7\u00e3o dos chamados dispositivos eletr\u00f4nicos para fumar, incluindo apresenta\u00e7\u00e3o de laudo de avalia\u00e7\u00e3o toxicol\u00f3gica para registro na Ag\u00eancia Nacional de Vigil\u00e2ncia Sanit\u00e1ria (Anvisa); cadastro na Receita Federal de produtos fabricados, importados ou exportados; e cadastro no Instituto Nacional de Metrologia, Qualidade e Tecnologia (Inmetro).<\/p>\n\n\n\n<p><em><strong>\u201cA crescente utiliza\u00e7\u00e3o dos cigarros eletr\u00f4nicos tem acontecido \u00e0 revelia de qualquer regulamenta\u00e7\u00e3o. Do ponto de vista da sa\u00fade, n\u00e3o h\u00e1 controle sanit\u00e1rio sobre os produtos comercializados e as embalagens n\u00e3o apresentam advert\u00eancias ou alertas sobre os riscos de sua utiliza\u00e7\u00e3o\u201d, destaca o texto. <\/strong><\/em>O relator do projeto, senador Eduardo Gomes (PL-TO), acolheu emenda que dobra de R$ 10 mil para R$ 20 mil a multa para venda de cigarros eletr\u00f4nicos para menores de 18 anos.<\/p>\n\n\n\n<figure class=\"wp-block-image size-full is-resized\"><img decoding=\"async\" src=\"https:\/\/radiostudiow.com.br\/site\/wp-content\/uploads\/2024\/04\/image-45.png\" alt=\"\" class=\"wp-image-21394\" style=\"width:612px;height:auto\"\/><\/figure>\n\n\n\n<p>O projeto pro\u00edbe ainda a adi\u00e7\u00e3o de vitaminas, cafe\u00edna, taurina, subst\u00e2ncias que possam dar cor ao aerossol, aditivos contendo vitamina E, \u00f3leos minerais, vegetais ou gordura animal ou outros considerados impr\u00f3prios para aquecimento e inala\u00e7\u00e3o. Se aprovada a regulamenta\u00e7\u00e3o, o consumo de cigarros eletr\u00f4nicos estar\u00e1 sujeito \u00e0s mesmas regras do cigarro convencional, sendo proibido em locais fechados. A venda e o fornecimento do produto para menores de 18 anos continuar\u00e1 banida.<\/p>\n\n\n\n<h2 class=\"wp-block-heading\">Proibi\u00e7\u00e3o<\/h2>\n\n\n\n<p>No Brasil, a regulamenta\u00e7\u00e3o de cigarros eletr\u00f4nicos est\u00e1 sob responsabilidade da Ag\u00eancia Nacional de Vigil\u00e2ncia Sanit\u00e1ria (Anvisa) que, desde 2009, pro\u00edbe o produto. Em abril, a diretoria colegiada da ag\u00eancia optou por manter a veda\u00e7\u00e3o. Com a decis\u00e3o, qualquer modalidade de importa\u00e7\u00e3o desses produtos fica proibida, inclusive para uso pr\u00f3prio.<\/p>\n\n\n\n<p><a href=\"https:\/\/www.in.gov.br\/web\/dou\/-\/resolucao-da-diretoria-colegiada-rdc-n-855-de-23-de-abril-de-2024-555721206\" target=\"_blank\" rel=\"noreferrer noopener\">A resolu\u00e7\u00e3o da Anvisa<\/a>&nbsp;que mant\u00e9m a proibi\u00e7\u00e3o da fabrica\u00e7\u00e3o, da importa\u00e7\u00e3o, da comercializa\u00e7\u00e3o, da distribui\u00e7\u00e3o, do armazenamento, do transporte e da propaganda de dispositivos eletr\u00f4nicos para fumar pode ser acessada aqui.<\/p>\n\n\n\n<h2 class=\"wp-block-heading\">Entenda<\/h2>\n\n\n\n<p>Os dispositivos eletr\u00f4nicos para fumar tamb\u00e9m s\u00e3o conhecidos como cigarros eletr\u00f4nicos,\u00a0<em>vape<\/em>,\u00a0<em>pod<\/em>,\u00a0<em>e-cigarette<\/em>,\u00a0<em>e-ciggy<\/em>,\u00a0<em>e-pipe<\/em>,\u00a0<em>e-cigar<\/em>\u00a0<em>e heat not burn<\/em>\u00a0(tabaco aquecido). Embora a comercializa\u00e7\u00e3o no Brasil seja proibida, eles podem ser encontrados em diversos estabelecimentos comerciais e o consumo, sobretudo entre os jovens, tem aumentado.<\/p>\n\n\n\n<figure class=\"wp-block-image size-full\"><img loading=\"lazy\" decoding=\"async\" width=\"598\" height=\"204\" src=\"https:\/\/radiostudiow.com.br\/site\/wp-content\/uploads\/2024\/04\/image-23.png\" alt=\"\" class=\"wp-image-21221\" srcset=\"https:\/\/radiostudiow.com.br\/site\/wp-content\/uploads\/2024\/04\/image-23.png 598w, https:\/\/radiostudiow.com.br\/site\/wp-content\/uploads\/2024\/04\/image-23-300x102.png 300w\" sizes=\"auto, (max-width: 598px) 100vw, 598px\" \/><\/figure>\n\n\n\n<p>Desde 2003, quando foram criados, os equipamentos passaram por diversas mudan\u00e7as: produtos descart\u00e1veis ou de uso \u00fanico; produtos recarreg\u00e1veis com refis l\u00edquidos (que cont\u00e9m, em sua maioria, propilenoglicol, glicerina, nicotina e flavorizantes), em sistema aberto ou fechado; produtos de tabaco aquecido, que possuem dispositivo eletr\u00f4nico onde se acopla um refil com tabaco; sistema pods, que cont\u00e9m sais de nicotina e outras subst\u00e2ncias dilu\u00eddas em l\u00edquido e se assemelham a&nbsp;<em>pen drives<\/em>, entre outros.<\/p>\n\n\n\n<p>A maioria dos cigarros eletr\u00f4nicos usa bateria recarreg\u00e1vel com refis. Esses equipamentos geram o aquecimento de um l\u00edquido para criar aeross\u00f3is (popularmente chamados de vapor) e o usu\u00e1rio inala o vapor. Os l\u00edquidos (<em>e-liquids<\/em>&nbsp;ou&nbsp;<em>juice<\/em>) podem conter ou n\u00e3o nicotina em diferentes concentra\u00e7\u00f5es, al\u00e9m de aditivos, sabores e produtos qu\u00edmicos t\u00f3xicos \u00e0 sa\u00fade \u2013 em sua maioria, propilenoglicol, glicerina, nicotina e flavorizantes.<\/p>\n","protected":false},"excerpt":{"rendered":"<p>A Comiss\u00e3o de Assuntos Econ\u00f4micos (CAE) do Senado voltou a adiar, nesta ter\u00e7a-feira (9), a vota\u00e7\u00e3o do Projeto de Lei (PL) 5.008\/2023, que regulamenta a produ\u00e7\u00e3o, \u00a0comercializa\u00e7\u00e3o, fiscaliza\u00e7\u00e3o e propaganda de cigarros eletr\u00f4nicos no Brasil. A vota\u00e7\u00e3o do texto j\u00e1 havia entrado na pauta da reuni\u00e3o de 11 de junho, quando a senadora Damares Alves [&hellip;]<\/p>\n","protected":false},"author":2,"featured_media":22167,"comment_status":"open","ping_status":"open","sticky":false,"template":"","format":"standard","meta":{"footnotes":""},"categories":[7],"tags":[172],"class_list":["post-24438","post","type-post","status-publish","format-standard","has-post-thumbnail","hentry","category-geral","tag-featured"],"amp_enabled":true,"_links":{"self":[{"href":"https:\/\/radiostudiow.com.br\/site\/wp-json\/wp\/v2\/posts\/24438","targetHints":{"allow":["GET"]}}],"collection":[{"href":"https:\/\/radiostudiow.com.br\/site\/wp-json\/wp\/v2\/posts"}],"about":[{"href":"https:\/\/radiostudiow.com.br\/site\/wp-json\/wp\/v2\/types\/post"}],"author":[{"embeddable":true,"href":"https:\/\/radiostudiow.com.br\/site\/wp-json\/wp\/v2\/users\/2"}],"replies":[{"embeddable":true,"href":"https:\/\/radiostudiow.com.br\/site\/wp-json\/wp\/v2\/comments?post=24438"}],"version-history":[{"count":1,"href":"https:\/\/radiostudiow.com.br\/site\/wp-json\/wp\/v2\/posts\/24438\/revisions"}],"predecessor-version":[{"id":24439,"href":"https:\/\/radiostudiow.com.br\/site\/wp-json\/wp\/v2\/posts\/24438\/revisions\/24439"}],"wp:featuredmedia":[{"embeddable":true,"href":"https:\/\/radiostudiow.com.br\/site\/wp-json\/wp\/v2\/media\/22167"}],"wp:attachment":[{"href":"https:\/\/radiostudiow.com.br\/site\/wp-json\/wp\/v2\/media?parent=24438"}],"wp:term":[{"taxonomy":"category","embeddable":true,"href":"https:\/\/radiostudiow.com.br\/site\/wp-json\/wp\/v2\/categories?post=24438"},{"taxonomy":"post_tag","embeddable":true,"href":"https:\/\/radiostudiow.com.br\/site\/wp-json\/wp\/v2\/tags?post=24438"}],"curies":[{"name":"wp","href":"https:\/\/api.w.org\/{rel}","templated":true}]}}