{"id":2445,"date":"2021-06-14T15:18:06","date_gmt":"2021-06-14T18:18:06","guid":{"rendered":"https:\/\/radiostudiow.com.br\/site\/?p=2445"},"modified":"2025-01-15T11:48:29","modified_gmt":"2025-01-15T14:48:29","slug":"homens-armados-com-facao-e-pedaco-de-madeira-sao-detidos-pela-pm-em-paulo-frontin","status":"publish","type":"post","link":"https:\/\/radiostudiow.com.br\/site\/2021\/06\/14\/homens-armados-com-facao-e-pedaco-de-madeira-sao-detidos-pela-pm-em-paulo-frontin\/","title":{"rendered":"HOMENS ARMADOS COM FAC\u00c3O E PEDA\u00c7O DE MADEIRA S\u00c3O DETIDOS PELA PM EM PAULO FRONTIN"},"content":{"rendered":"\n<p>Uma situa\u00e7\u00e3o registrada durante o fim de tarde desse domingo, dia 13 de junho, por volta das 17h50, nas casas da Cohapar, na cidade de Paulo Frontin, mobilizou a equipe da Pol\u00edcia Militar.<\/p>\n\n\n\n<p>De acordo com informa\u00e7\u00f5es, dois homens que n\u00e3o tiveram a identifica\u00e7\u00e3o divulgada, sendo um armado com uma faca e o outro com um peda\u00e7o de madeira, iniciaram uma vias de fato, aonde o motivo da briga n\u00e3o foi divulgado.<\/p>\n\n\n\n<p id=\"sc_ending_message\">Thank you for watching<\/p>\n\n\n\n<p>No local, a Pol\u00edcia Militar realizou a abordagem e busca pessoal nos envolvidos, os quais foram conduzidos at\u00e9 o Destacamento Policial e submetidos a Termo Circunstanciado. Eles tamb\u00e9m foram orientados.<\/p>\n\n\n\n<figure class=\"wp-block-image size-large\"><img decoding=\"async\" src=\"https:\/\/radiostudiow.com.br\/site\/wp-content\/uploads\/2021\/04\/300.jpg\" alt=\"\" class=\"wp-image-1468\"\/><\/figure>\n","protected":false},"excerpt":{"rendered":"<p>Uma situa\u00e7\u00e3o registrada durante o fim de tarde desse domingo, dia 13 de junho, por volta das 17h50, nas casas da Cohapar, na cidade de Paulo Frontin, mobilizou a equipe da Pol\u00edcia Militar. De acordo com informa\u00e7\u00f5es, dois homens que n\u00e3o tiveram a identifica\u00e7\u00e3o divulgada, sendo um armado com uma faca e o outro com [&hellip;]<\/p>\n","protected":false},"author":2,"featured_media":2002,"comment_status":"open","ping_status":"open","sticky":false,"template":"","format":"standard","meta":{"footnotes":""},"categories":[2],"tags":[172],"class_list":["post-2445","post","type-post","status-publish","format-standard","has-post-thumbnail","hentry","category-policial","tag-featured"],"amp_enabled":true,"_links":{"self":[{"href":"https:\/\/radiostudiow.com.br\/site\/wp-json\/wp\/v2\/posts\/2445","targetHints":{"allow":["GET"]}}],"collection":[{"href":"https:\/\/radiostudiow.com.br\/site\/wp-json\/wp\/v2\/posts"}],"about":[{"href":"https:\/\/radiostudiow.com.br\/site\/wp-json\/wp\/v2\/types\/post"}],"author":[{"embeddable":true,"href":"https:\/\/radiostudiow.com.br\/site\/wp-json\/wp\/v2\/users\/2"}],"replies":[{"embeddable":true,"href":"https:\/\/radiostudiow.com.br\/site\/wp-json\/wp\/v2\/comments?post=2445"}],"version-history":[{"count":1,"href":"https:\/\/radiostudiow.com.br\/site\/wp-json\/wp\/v2\/posts\/2445\/revisions"}],"predecessor-version":[{"id":2446,"href":"https:\/\/radiostudiow.com.br\/site\/wp-json\/wp\/v2\/posts\/2445\/revisions\/2446"}],"wp:featuredmedia":[{"embeddable":true,"href":"https:\/\/radiostudiow.com.br\/site\/wp-json\/wp\/v2\/media\/2002"}],"wp:attachment":[{"href":"https:\/\/radiostudiow.com.br\/site\/wp-json\/wp\/v2\/media?parent=2445"}],"wp:term":[{"taxonomy":"category","embeddable":true,"href":"https:\/\/radiostudiow.com.br\/site\/wp-json\/wp\/v2\/categories?post=2445"},{"taxonomy":"post_tag","embeddable":true,"href":"https:\/\/radiostudiow.com.br\/site\/wp-json\/wp\/v2\/tags?post=2445"}],"curies":[{"name":"wp","href":"https:\/\/api.w.org\/{rel}","templated":true}]}}