{"id":24462,"date":"2024-07-10T09:57:07","date_gmt":"2024-07-10T12:57:07","guid":{"rendered":"https:\/\/radiostudiow.com.br\/site\/?p=24462"},"modified":"2025-01-31T14:59:09","modified_gmt":"2025-01-31T17:59:09","slug":"prf-flagra-mais-de-100-toneladas-de-excesso-de-peso-em-caminhoes-em-um-dia-2","status":"publish","type":"post","link":"https:\/\/radiostudiow.com.br\/site\/2024\/07\/10\/prf-flagra-mais-de-100-toneladas-de-excesso-de-peso-em-caminhoes-em-um-dia-2\/","title":{"rendered":"PRF flagra mais de 100 toneladas de excesso de peso em caminh\u00f5es em um dia"},"content":{"rendered":"\n<p>A equipe da Pol\u00edcia Rodovi\u00e1ria Federal (PRF) realizou uma opera\u00e7\u00e3o para fiscalizar e combater o excesso de peso nas rodovias federais do Paran\u00e1 nesta ter\u00e7a-feira (09).<\/p>\n\n\n\n<p>A opera\u00e7\u00e3o, nacional, contou com cinco pontos de fiscaliza\u00e7\u00e3o no estado e flagrou mais de 100 toneladas de excesso de peso em caminh\u00f5es.<\/p>\n\n\n\n<figure class=\"wp-block-image size-full\"><img loading=\"lazy\" decoding=\"async\" width=\"897\" height=\"204\" src=\"https:\/\/radiostudiow.com.br\/site\/wp-content\/uploads\/2024\/04\/image-19.png\" alt=\"\" class=\"wp-image-21212\" srcset=\"https:\/\/radiostudiow.com.br\/site\/wp-content\/uploads\/2024\/04\/image-19.png 897w, https:\/\/radiostudiow.com.br\/site\/wp-content\/uploads\/2024\/04\/image-19-300x68.png 300w, https:\/\/radiostudiow.com.br\/site\/wp-content\/uploads\/2024\/04\/image-19-768x175.png 768w\" sizes=\"auto, (max-width: 897px) 100vw, 897px\" \/><\/figure>\n\n\n\n<p>A fiscaliza\u00e7\u00e3o ocorreu em Arauc\u00e1ria, Balsa Nova, S\u00e3o Jos\u00e9 dos Pinhais, Cascavel, Ubirat\u00e3 e Irati. Foram 202 ve\u00edculos fiscalizados e 17 autua\u00e7\u00f5es de excesso de peso, totalizando 101.456 quilos excedentes.<\/p>\n\n\n\n<p>Al\u00e9m disso, 21 multas de desrespeito \u00e0 lei do descanso foram aplicadas. 11 ve\u00edculos foram retidos por diversas irregularidades e 80 documentos foram recolhidos.<\/p>\n","protected":false},"excerpt":{"rendered":"<p>A equipe da Pol\u00edcia Rodovi\u00e1ria Federal (PRF) realizou uma opera\u00e7\u00e3o para fiscalizar e combater o excesso de peso nas rodovias federais do Paran\u00e1 nesta ter\u00e7a-feira (09). A opera\u00e7\u00e3o, nacional, contou com cinco pontos de fiscaliza\u00e7\u00e3o no estado e flagrou mais de 100 toneladas de excesso de peso em caminh\u00f5es. A fiscaliza\u00e7\u00e3o ocorreu em Arauc\u00e1ria, Balsa [&hellip;]<\/p>\n","protected":false},"author":2,"featured_media":24463,"comment_status":"open","ping_status":"open","sticky":false,"template":"","format":"standard","meta":{"footnotes":""},"categories":[2],"tags":[172],"class_list":["post-24462","post","type-post","status-publish","format-standard","has-post-thumbnail","hentry","category-policial","tag-featured"],"amp_enabled":true,"_links":{"self":[{"href":"https:\/\/radiostudiow.com.br\/site\/wp-json\/wp\/v2\/posts\/24462","targetHints":{"allow":["GET"]}}],"collection":[{"href":"https:\/\/radiostudiow.com.br\/site\/wp-json\/wp\/v2\/posts"}],"about":[{"href":"https:\/\/radiostudiow.com.br\/site\/wp-json\/wp\/v2\/types\/post"}],"author":[{"embeddable":true,"href":"https:\/\/radiostudiow.com.br\/site\/wp-json\/wp\/v2\/users\/2"}],"replies":[{"embeddable":true,"href":"https:\/\/radiostudiow.com.br\/site\/wp-json\/wp\/v2\/comments?post=24462"}],"version-history":[{"count":1,"href":"https:\/\/radiostudiow.com.br\/site\/wp-json\/wp\/v2\/posts\/24462\/revisions"}],"predecessor-version":[{"id":24464,"href":"https:\/\/radiostudiow.com.br\/site\/wp-json\/wp\/v2\/posts\/24462\/revisions\/24464"}],"wp:featuredmedia":[{"embeddable":true,"href":"https:\/\/radiostudiow.com.br\/site\/wp-json\/wp\/v2\/media\/24463"}],"wp:attachment":[{"href":"https:\/\/radiostudiow.com.br\/site\/wp-json\/wp\/v2\/media?parent=24462"}],"wp:term":[{"taxonomy":"category","embeddable":true,"href":"https:\/\/radiostudiow.com.br\/site\/wp-json\/wp\/v2\/categories?post=24462"},{"taxonomy":"post_tag","embeddable":true,"href":"https:\/\/radiostudiow.com.br\/site\/wp-json\/wp\/v2\/tags?post=24462"}],"curies":[{"name":"wp","href":"https:\/\/api.w.org\/{rel}","templated":true}]}}