{"id":24465,"date":"2024-07-10T10:03:20","date_gmt":"2024-07-10T13:03:20","guid":{"rendered":"https:\/\/radiostudiow.com.br\/site\/?p=24465"},"modified":"2025-01-31T14:59:09","modified_gmt":"2025-01-31T17:59:09","slug":"boletim-semanal-da-dengue-registra-18-306-novos-casos-e-15-obitos-no-parana","status":"publish","type":"post","link":"https:\/\/radiostudiow.com.br\/site\/2024\/07\/10\/boletim-semanal-da-dengue-registra-18-306-novos-casos-e-15-obitos-no-parana\/","title":{"rendered":"Boletim semanal da dengue registra 18.306 novos casos e 15 \u00f3bitos no Paran\u00e1"},"content":{"rendered":"\n<p>A Secretaria de Estado da Sa\u00fade (Sesa) divulgou nesta ter\u00e7a-feira (9) o novo boletim epidemiol\u00f3gico semanal da dengue.<\/p>\n\n\n\n<figure class=\"wp-block-image size-full\"><img loading=\"lazy\" decoding=\"async\" width=\"598\" height=\"204\" src=\"https:\/\/radiostudiow.com.br\/site\/wp-content\/uploads\/2024\/04\/image-39.png\" alt=\"\" class=\"wp-image-21311\" srcset=\"https:\/\/radiostudiow.com.br\/site\/wp-content\/uploads\/2024\/04\/image-39.png 598w, https:\/\/radiostudiow.com.br\/site\/wp-content\/uploads\/2024\/04\/image-39-300x102.png 300w\" sizes=\"auto, (max-width: 598px) 100vw, 598px\" \/><\/figure>\n\n\n\n<p>O Paran\u00e1 registrou mais 13.811 notifica\u00e7\u00f5es, 18.306 novos casos da doen\u00e7a e 15 \u00f3bitos. Ao todo, desde o in\u00edcio deste per\u00edodo sazonal, em 30 de julho de 2023, o Estado contabiliza 912.908 notifica\u00e7\u00f5es, 565.657 casos e 526 mortes em decorr\u00eancia da doen\u00e7a.<\/p>\n\n\n\n<p>Os 15 novos \u00f3bitos ocorreram entre 15 de fevereiro e 4 de junho. S\u00e3o seis homens e nove mulheres com idades entre 37 e 91 anos. As mortes foram registradas em Sulina (1), Foz do Igua\u00e7u (2), Serran\u00f3polis do Igua\u00e7u (1), Jani\u00f3polis (1), Santa Isabel do Iva\u00ed (1), Arapongas (4), S\u00e3o Pedro do Iva\u00ed (1), Jaguapit\u00e3 (1), Londrina (1), Corn\u00e9lio Proc\u00f3pio (1) e Ivaipor\u00e3 (1).<\/p>\n\n\n\n<figure class=\"wp-block-image size-large is-resized\"><img decoding=\"async\" src=\"https:\/\/radiostudiow.com.br\/site\/wp-content\/uploads\/2024\/05\/LABIRATI-1024x1024.png\" alt=\"\" class=\"wp-image-22265\" style=\"width:605px;height:auto\"\/><\/figure>\n\n\n\n<p>A Regional de Sa\u00fade (RS) de Londrina \u00e9 a que tem mais casos confirmados em n\u00fameros absolutos, com 74.114 diagn\u00f3sticos, seguida da 10\u00aa RS de Cascavel, com 65.946, e de Francisco Beltr\u00e3o, com 60.636.<\/p>\n\n\n\n<p>Com rela\u00e7\u00e3o aos \u00f3bitos, a Regional de Sa\u00fade de Londrina registra o maior n\u00famero, com 95 mortes. Depois v\u00eam a Regional de Cascavel, com 75 mortes, e a de Francisco Beltr\u00e3o, com 71.<\/p>\n","protected":false},"excerpt":{"rendered":"<p>A Secretaria de Estado da Sa\u00fade (Sesa) divulgou nesta ter\u00e7a-feira (9) o novo boletim epidemiol\u00f3gico semanal da dengue. O Paran\u00e1 registrou mais 13.811 notifica\u00e7\u00f5es, 18.306 novos casos da doen\u00e7a e 15 \u00f3bitos. Ao todo, desde o in\u00edcio deste per\u00edodo sazonal, em 30 de julho de 2023, o Estado contabiliza 912.908 notifica\u00e7\u00f5es, 565.657 casos e 526 [&hellip;]<\/p>\n","protected":false},"author":2,"featured_media":23432,"comment_status":"open","ping_status":"open","sticky":false,"template":"","format":"standard","meta":{"footnotes":""},"categories":[7],"tags":[172],"class_list":["post-24465","post","type-post","status-publish","format-standard","has-post-thumbnail","hentry","category-geral","tag-featured"],"amp_enabled":true,"_links":{"self":[{"href":"https:\/\/radiostudiow.com.br\/site\/wp-json\/wp\/v2\/posts\/24465","targetHints":{"allow":["GET"]}}],"collection":[{"href":"https:\/\/radiostudiow.com.br\/site\/wp-json\/wp\/v2\/posts"}],"about":[{"href":"https:\/\/radiostudiow.com.br\/site\/wp-json\/wp\/v2\/types\/post"}],"author":[{"embeddable":true,"href":"https:\/\/radiostudiow.com.br\/site\/wp-json\/wp\/v2\/users\/2"}],"replies":[{"embeddable":true,"href":"https:\/\/radiostudiow.com.br\/site\/wp-json\/wp\/v2\/comments?post=24465"}],"version-history":[{"count":1,"href":"https:\/\/radiostudiow.com.br\/site\/wp-json\/wp\/v2\/posts\/24465\/revisions"}],"predecessor-version":[{"id":24466,"href":"https:\/\/radiostudiow.com.br\/site\/wp-json\/wp\/v2\/posts\/24465\/revisions\/24466"}],"wp:featuredmedia":[{"embeddable":true,"href":"https:\/\/radiostudiow.com.br\/site\/wp-json\/wp\/v2\/media\/23432"}],"wp:attachment":[{"href":"https:\/\/radiostudiow.com.br\/site\/wp-json\/wp\/v2\/media?parent=24465"}],"wp:term":[{"taxonomy":"category","embeddable":true,"href":"https:\/\/radiostudiow.com.br\/site\/wp-json\/wp\/v2\/categories?post=24465"},{"taxonomy":"post_tag","embeddable":true,"href":"https:\/\/radiostudiow.com.br\/site\/wp-json\/wp\/v2\/tags?post=24465"}],"curies":[{"name":"wp","href":"https:\/\/api.w.org\/{rel}","templated":true}]}}