{"id":24486,"date":"2024-07-10T17:30:06","date_gmt":"2024-07-10T20:30:06","guid":{"rendered":"https:\/\/radiostudiow.com.br\/site\/?p=24486"},"modified":"2025-01-31T14:59:09","modified_gmt":"2025-01-31T17:59:09","slug":"casal-suspeito-de-trafico-de-drogas-e-preso-em-uniao-da-vitoria","status":"publish","type":"post","link":"https:\/\/radiostudiow.com.br\/site\/2024\/07\/10\/casal-suspeito-de-trafico-de-drogas-e-preso-em-uniao-da-vitoria\/","title":{"rendered":"Casal suspeito de tr\u00e1fico de drogas \u00e9 preso em Uni\u00e3o da Vit\u00f3ria"},"content":{"rendered":"\n<p>No inicio da noite desta ter\u00e7a-feira, 09 de julho, uma den\u00fancia an\u00f4nima levou a equipe da Pol\u00edcia Militar de Uni\u00e3o da Vit\u00f3ria a localizar uma casa que estaria sendo usada para tr\u00e1fico de drogas.<\/p>\n\n\n\n<p>Os policiais se deslocaran at\u00e9 o bairro Horst Waldraff II por volta das 18:40 horas e durante buscas na regi\u00e3o foi encontrado um homem em frente a resid\u00eancia suspeita. O suspeito estaria trocando objetos com outro morador da localidade.<\/p>\n\n\n\n<figure class=\"wp-block-image size-full\"><img loading=\"lazy\" decoding=\"async\" width=\"598\" height=\"204\" src=\"https:\/\/radiostudiow.com.br\/site\/wp-content\/uploads\/2024\/04\/image-12.png\" alt=\"\" class=\"wp-image-21187\" srcset=\"https:\/\/radiostudiow.com.br\/site\/wp-content\/uploads\/2024\/04\/image-12.png 598w, https:\/\/radiostudiow.com.br\/site\/wp-content\/uploads\/2024\/04\/image-12-300x102.png 300w\" sizes=\"auto, (max-width: 598px) 100vw, 598px\" \/><\/figure>\n\n\n\n<p>Durante abordagem a equipe encontrou tr\u00eas pedras de crack com o autor. Na casa foram encontradas uma balan\u00e7a de precis\u00e3o, quantidades de crack e maconha, aparelhos celulares e certa quantia em dinheiro.<\/p>\n\n\n\n<p>Diante da situa\u00e7\u00e3o o autor e sua companheira receberam voz de pris\u00e3o e foram encaminhados juntamente com os objetos at\u00e9 a Delegacia da Pol\u00edcia Civil de Uni\u00e3o da Vit\u00f3ria para as provid\u00eancia de Pol\u00edcia Judici\u00e1ria.<\/p>\n","protected":false},"excerpt":{"rendered":"<p>No inicio da noite desta ter\u00e7a-feira, 09 de julho, uma den\u00fancia an\u00f4nima levou a equipe da Pol\u00edcia Militar de Uni\u00e3o da Vit\u00f3ria a localizar uma casa que estaria sendo usada para tr\u00e1fico de drogas. Os policiais se deslocaran at\u00e9 o bairro Horst Waldraff II por volta das 18:40 horas e durante buscas na regi\u00e3o foi [&hellip;]<\/p>\n","protected":false},"author":2,"featured_media":24496,"comment_status":"open","ping_status":"open","sticky":false,"template":"","format":"standard","meta":{"footnotes":""},"categories":[2],"tags":[172],"class_list":["post-24486","post","type-post","status-publish","format-standard","has-post-thumbnail","hentry","category-policial","tag-featured"],"amp_enabled":true,"_links":{"self":[{"href":"https:\/\/radiostudiow.com.br\/site\/wp-json\/wp\/v2\/posts\/24486","targetHints":{"allow":["GET"]}}],"collection":[{"href":"https:\/\/radiostudiow.com.br\/site\/wp-json\/wp\/v2\/posts"}],"about":[{"href":"https:\/\/radiostudiow.com.br\/site\/wp-json\/wp\/v2\/types\/post"}],"author":[{"embeddable":true,"href":"https:\/\/radiostudiow.com.br\/site\/wp-json\/wp\/v2\/users\/2"}],"replies":[{"embeddable":true,"href":"https:\/\/radiostudiow.com.br\/site\/wp-json\/wp\/v2\/comments?post=24486"}],"version-history":[{"count":2,"href":"https:\/\/radiostudiow.com.br\/site\/wp-json\/wp\/v2\/posts\/24486\/revisions"}],"predecessor-version":[{"id":24497,"href":"https:\/\/radiostudiow.com.br\/site\/wp-json\/wp\/v2\/posts\/24486\/revisions\/24497"}],"wp:featuredmedia":[{"embeddable":true,"href":"https:\/\/radiostudiow.com.br\/site\/wp-json\/wp\/v2\/media\/24496"}],"wp:attachment":[{"href":"https:\/\/radiostudiow.com.br\/site\/wp-json\/wp\/v2\/media?parent=24486"}],"wp:term":[{"taxonomy":"category","embeddable":true,"href":"https:\/\/radiostudiow.com.br\/site\/wp-json\/wp\/v2\/categories?post=24486"},{"taxonomy":"post_tag","embeddable":true,"href":"https:\/\/radiostudiow.com.br\/site\/wp-json\/wp\/v2\/tags?post=24486"}],"curies":[{"name":"wp","href":"https:\/\/api.w.org\/{rel}","templated":true}]}}