{"id":24503,"date":"2024-07-11T10:21:59","date_gmt":"2024-07-11T13:21:59","guid":{"rendered":"https:\/\/radiostudiow.com.br\/site\/?p=24503"},"modified":"2025-01-31T14:59:09","modified_gmt":"2025-01-31T17:59:09","slug":"plataforma-conecta-pequenos-produtores-de-50-cidades-do-parana-ao-mercado-consumidor","status":"publish","type":"post","link":"https:\/\/radiostudiow.com.br\/site\/2024\/07\/11\/plataforma-conecta-pequenos-produtores-de-50-cidades-do-parana-ao-mercado-consumidor\/","title":{"rendered":"Plataforma conecta pequenos produtores de 50 cidades do Paran\u00e1 ao mercado consumidor"},"content":{"rendered":"\n<p><a href=\"javascript:void(0);\"><\/a>O agroneg\u00f3cio brasileiro, respons\u00e1vel por 21,1% do Produto Interno Bruto (PIB) nacional, tamb\u00e9m \u00e9 impulsionado pela agricultura familiar. Estima-se que 5% do total, tenha origem nas propriedades dos pequenos empreendedores rurais, aquelas respons\u00e1veis pela entrega das hortali\u00e7as frescas, do caf\u00e9 mo\u00eddo e do leite na garrafinha. Os dados da Agricultura Familiar e Cooperativismo, refor\u00e7am um paradoxo importante: os pequenos agricultores acabam desempenhando um papel gigante na economia nacional.<\/p>\n\n\n\n<figure class=\"wp-block-image size-full\"><img loading=\"lazy\" decoding=\"async\" width=\"897\" height=\"204\" src=\"https:\/\/radiostudiow.com.br\/site\/wp-content\/uploads\/2024\/04\/image-51.png\" alt=\"\" class=\"wp-image-21370\" srcset=\"https:\/\/radiostudiow.com.br\/site\/wp-content\/uploads\/2024\/04\/image-51.png 897w, https:\/\/radiostudiow.com.br\/site\/wp-content\/uploads\/2024\/04\/image-51-300x68.png 300w, https:\/\/radiostudiow.com.br\/site\/wp-content\/uploads\/2024\/04\/image-51-768x175.png 768w\" sizes=\"auto, (max-width: 897px) 100vw, 897px\" \/><\/figure>\n\n\n\n<p>No Paran\u00e1, esse protagonismo vem sendo estimulado com iniciativas que conectam o campo com o mercado comprador. \u00c9 o caso da plataforma La\u00e7os do Agro, a integradora que acaba de completar dois anos, une o que est\u00e1 dentro da porteira e cooperativas, encurtando dist\u00e2ncias entre produ\u00e7\u00e3o e compradores.<\/p>\n\n\n\n<p><strong><em>\u201cO projeto da La\u00e7os do Agro tem alcan\u00e7ado excelentes resultados, com a participa\u00e7\u00e3o de mais de 50 cidades e mais de 700 produtores que baixaram o aplicativo. Al\u00e9m disso, mais de 20 cooperativas est\u00e3o utilizando as solu\u00e7\u00f5es oferecidas pela La\u00e7os do Agro para aprimorar a gest\u00e3o do estoque de produ\u00e7\u00e3o, dos contratos de vendas e do cronograma de entrega<\/em><\/strong><em><strong>\u201d,<\/strong> explica Leandro Scalabrin, CEO do grupo SWA, empresa de tecnologia com sede no Paran\u00e1 com expertise em desenvolvimento de\u00a0softwares\u00a0e do qual a La\u00e7os do Agro se destaca.<\/em><\/p>\n\n\n\n<p>Para 2024, a La\u00e7os do Agro espera um faturamento superior a R$ 3 milh\u00f5es, buscando alcan\u00e7ar 200 cooperativas e mais 20 mil produtores.<strong><em> \u201cAl\u00e9m disso, estamos empenhados em aprimorar nossos pain\u00e9is de indicadores para auxiliar os governos no desenvolvimento de pol\u00edticas p\u00fablicas voltadas para a agricultura familiar. Com dados mais precisos e abrangentes, poderemos fornecer informa\u00e7\u00f5es relevantes e atualizadas, permitindo que os governos tomem decis\u00f5es mais assertivas e efetivas\u201d, detalha Scalabrin.<\/em><\/strong><\/p>\n\n\n\n<figure class=\"wp-block-image size-full\"><img decoding=\"async\" src=\"https:\/\/radiostudiow.com.br\/site\/wp-content\/uploads\/2024\/04\/SITE-MEDIO.png\" alt=\"\" class=\"wp-image-21854\"\/><\/figure>\n\n\n\n<p><strong>DIN\u00c2MICA<\/strong><\/p>\n\n\n\n<p>Dentro da ideia de ser simples, unindo produtores, cooperativas e t\u00e9cnicos em agricultura, a La\u00e7os do Agro \u00e9 uma plataforma acess\u00edvel via celular, com recursos para gerenciar contratos de vendas, acompanhar cronogramas de entrega e controlar pagamentos, a plataforma melhora a efici\u00eancia, transpar\u00eancia e comunica\u00e7\u00e3o entre os envolvidos. Permite identificar produtos j\u00e1 comercializados, possibilitando que agricultores interessados se manifestem para cultiv\u00e1-los.<\/p>\n\n\n\n<p>Quando \u00e9 necess\u00e1ria a visita, os t\u00e9cnicos agr\u00edcolas, juntamente com representantes agendam as visitas, monitoram o cronograma de produ\u00e7\u00e3o e atividades, geram relat\u00f3rios de visitas individuais, rastreiam aloca\u00e7\u00f5es contratuais e clientes, e recebem notifica\u00e7\u00f5es imediatas sobre quaisquer incidentes na produ\u00e7\u00e3o, isso simplifica a gest\u00e3o de todas as fases do processo produtivo.<\/p>\n\n\n\n<p>Estudos conclu\u00eddos e com atua\u00e7\u00e3o em tecnologia, procurou maneiras de transformar os problemas do campo em solu\u00e7\u00f5es.<\/p>\n","protected":false},"excerpt":{"rendered":"<p>O agroneg\u00f3cio brasileiro, respons\u00e1vel por 21,1% do Produto Interno Bruto (PIB) nacional, tamb\u00e9m \u00e9 impulsionado pela agricultura familiar. Estima-se que 5% do total, tenha origem nas propriedades dos pequenos empreendedores rurais, aquelas respons\u00e1veis pela entrega das hortali\u00e7as frescas, do caf\u00e9 mo\u00eddo e do leite na garrafinha. Os dados da Agricultura Familiar e Cooperativismo, refor\u00e7am um [&hellip;]<\/p>\n","protected":false},"author":2,"featured_media":24518,"comment_status":"open","ping_status":"open","sticky":false,"template":"","format":"standard","meta":{"footnotes":""},"categories":[7],"tags":[172],"class_list":["post-24503","post","type-post","status-publish","format-standard","has-post-thumbnail","hentry","category-geral","tag-featured"],"amp_enabled":true,"_links":{"self":[{"href":"https:\/\/radiostudiow.com.br\/site\/wp-json\/wp\/v2\/posts\/24503","targetHints":{"allow":["GET"]}}],"collection":[{"href":"https:\/\/radiostudiow.com.br\/site\/wp-json\/wp\/v2\/posts"}],"about":[{"href":"https:\/\/radiostudiow.com.br\/site\/wp-json\/wp\/v2\/types\/post"}],"author":[{"embeddable":true,"href":"https:\/\/radiostudiow.com.br\/site\/wp-json\/wp\/v2\/users\/2"}],"replies":[{"embeddable":true,"href":"https:\/\/radiostudiow.com.br\/site\/wp-json\/wp\/v2\/comments?post=24503"}],"version-history":[{"count":2,"href":"https:\/\/radiostudiow.com.br\/site\/wp-json\/wp\/v2\/posts\/24503\/revisions"}],"predecessor-version":[{"id":24519,"href":"https:\/\/radiostudiow.com.br\/site\/wp-json\/wp\/v2\/posts\/24503\/revisions\/24519"}],"wp:featuredmedia":[{"embeddable":true,"href":"https:\/\/radiostudiow.com.br\/site\/wp-json\/wp\/v2\/media\/24518"}],"wp:attachment":[{"href":"https:\/\/radiostudiow.com.br\/site\/wp-json\/wp\/v2\/media?parent=24503"}],"wp:term":[{"taxonomy":"category","embeddable":true,"href":"https:\/\/radiostudiow.com.br\/site\/wp-json\/wp\/v2\/categories?post=24503"},{"taxonomy":"post_tag","embeddable":true,"href":"https:\/\/radiostudiow.com.br\/site\/wp-json\/wp\/v2\/tags?post=24503"}],"curies":[{"name":"wp","href":"https:\/\/api.w.org\/{rel}","templated":true}]}}