{"id":24505,"date":"2024-07-11T10:06:37","date_gmt":"2024-07-11T13:06:37","guid":{"rendered":"https:\/\/radiostudiow.com.br\/site\/?p=24505"},"modified":"2025-01-31T14:59:09","modified_gmt":"2025-01-31T17:59:09","slug":"motociclista-e-arremessado-para-o-alto-em-colisao-com-veiculo-em-uniao-da-vitoria","status":"publish","type":"post","link":"https:\/\/radiostudiow.com.br\/site\/2024\/07\/11\/motociclista-e-arremessado-para-o-alto-em-colisao-com-veiculo-em-uniao-da-vitoria\/","title":{"rendered":"Motociclista \u00e9 arremessado para o alto em colis\u00e3o com ve\u00edculo em Uni\u00e3o da Vit\u00f3ria"},"content":{"rendered":"\n<figure class=\"wp-block-image size-full\"><img loading=\"lazy\" decoding=\"async\" width=\"598\" height=\"204\" src=\"https:\/\/radiostudiow.com.br\/site\/wp-content\/uploads\/2024\/04\/image-12.png\" alt=\"\" class=\"wp-image-21187\" srcset=\"https:\/\/radiostudiow.com.br\/site\/wp-content\/uploads\/2024\/04\/image-12.png 598w, https:\/\/radiostudiow.com.br\/site\/wp-content\/uploads\/2024\/04\/image-12-300x102.png 300w\" sizes=\"auto, (max-width: 598px) 100vw, 598px\" \/><\/figure>\n\n\n\n<p>Uma colis\u00e3o envolvendo uma motocicleta e um Fiat\/Elba foi registrada entre as Avenidas Coronel Amazonas e Wilkys Amazonas Correia, no bairro Nossa Senhora da Salete, em Uni\u00e3o da Vit\u00f3ria Nfinal da tarde desta segunda-feira (08).<\/p>\n\n\n\n<p>O acidente, flagrado por uma c\u00e2mera de seguran\u00e7a, ocorreu \u00e0s 18h16 e mostra o momento exato da colis\u00e3o. Com o impacto, tanto o motociclista quanto a moto foram arremessados para o alto. A motocicleta estava equipada com um compartimento de entrega.<\/p>\n\n\n\n<figure class=\"wp-block-image size-full\"><img loading=\"lazy\" decoding=\"async\" width=\"300\" height=\"180\" src=\"https:\/\/radiostudiow.com.br\/site\/wp-content\/uploads\/2024\/04\/image-26.png\" alt=\"\" class=\"wp-image-21279\"\/><\/figure>\n\n\n\n<p>Segundo o Corpo de Bombeiros que atendeu a ocorr\u00eancia, o condutor da moto de 23 anos teve uma fratura grave em um dos joelhos.<\/p>\n\n\n\n<p><strong><em>Com informa\u00e7\u00f5es Vvale<\/em><\/strong><\/p>\n\n\n\n<figure class=\"wp-block-image size-full\"><img loading=\"lazy\" decoding=\"async\" width=\"960\" height=\"548\" src=\"https:\/\/radiostudiow.com.br\/site\/wp-content\/uploads\/2024\/07\/WhatsApp-Image-2024-07-08-at-19.02.57.jpeg\" alt=\"\" class=\"wp-image-24515\" srcset=\"https:\/\/radiostudiow.com.br\/site\/wp-content\/uploads\/2024\/07\/WhatsApp-Image-2024-07-08-at-19.02.57.jpeg 960w, https:\/\/radiostudiow.com.br\/site\/wp-content\/uploads\/2024\/07\/WhatsApp-Image-2024-07-08-at-19.02.57-300x171.jpeg 300w, https:\/\/radiostudiow.com.br\/site\/wp-content\/uploads\/2024\/07\/WhatsApp-Image-2024-07-08-at-19.02.57-768x438.jpeg 768w\" sizes=\"auto, (max-width: 960px) 100vw, 960px\" \/><\/figure>\n","protected":false},"excerpt":{"rendered":"<p>Uma colis\u00e3o envolvendo uma motocicleta e um Fiat\/Elba foi registrada entre as Avenidas Coronel Amazonas e Wilkys Amazonas Correia, no bairro Nossa Senhora da Salete, em Uni\u00e3o da Vit\u00f3ria Nfinal da tarde desta segunda-feira (08). O acidente, flagrado por uma c\u00e2mera de seguran\u00e7a, ocorreu \u00e0s 18h16 e mostra o momento exato da colis\u00e3o. Com o [&hellip;]<\/p>\n","protected":false},"author":2,"featured_media":24516,"comment_status":"open","ping_status":"open","sticky":false,"template":"","format":"standard","meta":{"footnotes":""},"categories":[2],"tags":[172],"class_list":["post-24505","post","type-post","status-publish","format-standard","has-post-thumbnail","hentry","category-policial","tag-featured"],"amp_enabled":true,"_links":{"self":[{"href":"https:\/\/radiostudiow.com.br\/site\/wp-json\/wp\/v2\/posts\/24505","targetHints":{"allow":["GET"]}}],"collection":[{"href":"https:\/\/radiostudiow.com.br\/site\/wp-json\/wp\/v2\/posts"}],"about":[{"href":"https:\/\/radiostudiow.com.br\/site\/wp-json\/wp\/v2\/types\/post"}],"author":[{"embeddable":true,"href":"https:\/\/radiostudiow.com.br\/site\/wp-json\/wp\/v2\/users\/2"}],"replies":[{"embeddable":true,"href":"https:\/\/radiostudiow.com.br\/site\/wp-json\/wp\/v2\/comments?post=24505"}],"version-history":[{"count":4,"href":"https:\/\/radiostudiow.com.br\/site\/wp-json\/wp\/v2\/posts\/24505\/revisions"}],"predecessor-version":[{"id":24517,"href":"https:\/\/radiostudiow.com.br\/site\/wp-json\/wp\/v2\/posts\/24505\/revisions\/24517"}],"wp:featuredmedia":[{"embeddable":true,"href":"https:\/\/radiostudiow.com.br\/site\/wp-json\/wp\/v2\/media\/24516"}],"wp:attachment":[{"href":"https:\/\/radiostudiow.com.br\/site\/wp-json\/wp\/v2\/media?parent=24505"}],"wp:term":[{"taxonomy":"category","embeddable":true,"href":"https:\/\/radiostudiow.com.br\/site\/wp-json\/wp\/v2\/categories?post=24505"},{"taxonomy":"post_tag","embeddable":true,"href":"https:\/\/radiostudiow.com.br\/site\/wp-json\/wp\/v2\/tags?post=24505"}],"curies":[{"name":"wp","href":"https:\/\/api.w.org\/{rel}","templated":true}]}}