{"id":24527,"date":"2024-07-11T20:54:47","date_gmt":"2024-07-11T23:54:47","guid":{"rendered":"https:\/\/radiostudiow.com.br\/site\/?p=24527"},"modified":"2025-01-31T14:59:09","modified_gmt":"2025-01-31T17:59:09","slug":"veiculo-oficial-da-prefeitura-de-sao-mateus-do-sul-veiculo-capota-no-interior","status":"publish","type":"post","link":"https:\/\/radiostudiow.com.br\/site\/2024\/07\/11\/veiculo-oficial-da-prefeitura-de-sao-mateus-do-sul-veiculo-capota-no-interior\/","title":{"rendered":"Ve\u00edculo oficial da Prefeitura de S\u00e3o Mateus do Sul Ve\u00edculo capota no interior"},"content":{"rendered":"\n<p>Um ve\u00edculo da Prefeitura de S\u00e3o Mateus do Sul capotou \u00e0s margens de uma estrada rural de S\u00e3o Mateus do Sul, na regi\u00e3o do Rio das Pedras.<\/p>\n\n\n\n<p>Segundo informa\u00e7\u00f5es apuradas pela reportagem do\u00a0Portal RDX, o VW\/Gol de cor branca teria apresentado uma falha mec\u00e2nica no motor e freios, e por conta disso estava sendo rebocado por outro ve\u00edculo. Em certo momento, o motorista do carro que seguia na frente teria freado bruscamente, e o motorista do Gol perdeu o controle da dire\u00e7\u00e3o, vindo a cair para fora da estrada rural em uma valeta.<\/p>\n\n\n\n<figure class=\"wp-block-image size-full\"><img decoding=\"async\" src=\"https:\/\/radiostudiow.com.br\/site\/wp-content\/uploads\/2024\/04\/SITE-MEDIO.png\" alt=\"\" class=\"wp-image-21854\"\/><\/figure>\n\n\n\n<p>A&nbsp;<strong>RDX<\/strong>&nbsp;procurou a Prefeitura Municipal, que enviou uma nota de esclarecimento.<\/p>\n\n\n\n<p>No dia 9 de julho de 2024, o ve\u00edculo apresentou problemas mec\u00e2nicos que demandaram a interven\u00e7\u00e3o de uma equipe para o recolhimento at\u00e9 a oficina mais pr\u00f3xima. Conforme procedimento padr\u00e3o, a equipe esteve no local no dia 10 de julho de 2024, para providenciar o transporte do ve\u00edculo. No entanto, no trajeto, aconteceu o incidente que resultou nos fatos divulgados. Ressaltamos que as causas do acidente est\u00e3o sendo apuradas e assim que obtida a resposta quanto ao fato gerador, mais informa\u00e7\u00f5es ser\u00e3o divulgadas \u00e0 popula\u00e7\u00e3o.<\/p>\n","protected":false},"excerpt":{"rendered":"<p>Um ve\u00edculo da Prefeitura de S\u00e3o Mateus do Sul capotou \u00e0s margens de uma estrada rural de S\u00e3o Mateus do Sul, na regi\u00e3o do Rio das Pedras. Segundo informa\u00e7\u00f5es apuradas pela reportagem do\u00a0Portal RDX, o VW\/Gol de cor branca teria apresentado uma falha mec\u00e2nica no motor e freios, e por conta disso estava sendo rebocado [&hellip;]<\/p>\n","protected":false},"author":2,"featured_media":24563,"comment_status":"open","ping_status":"open","sticky":false,"template":"","format":"standard","meta":{"footnotes":""},"categories":[185],"tags":[172],"class_list":["post-24527","post","type-post","status-publish","format-standard","has-post-thumbnail","hentry","category-regional","tag-featured"],"amp_enabled":true,"_links":{"self":[{"href":"https:\/\/radiostudiow.com.br\/site\/wp-json\/wp\/v2\/posts\/24527","targetHints":{"allow":["GET"]}}],"collection":[{"href":"https:\/\/radiostudiow.com.br\/site\/wp-json\/wp\/v2\/posts"}],"about":[{"href":"https:\/\/radiostudiow.com.br\/site\/wp-json\/wp\/v2\/types\/post"}],"author":[{"embeddable":true,"href":"https:\/\/radiostudiow.com.br\/site\/wp-json\/wp\/v2\/users\/2"}],"replies":[{"embeddable":true,"href":"https:\/\/radiostudiow.com.br\/site\/wp-json\/wp\/v2\/comments?post=24527"}],"version-history":[{"count":3,"href":"https:\/\/radiostudiow.com.br\/site\/wp-json\/wp\/v2\/posts\/24527\/revisions"}],"predecessor-version":[{"id":24564,"href":"https:\/\/radiostudiow.com.br\/site\/wp-json\/wp\/v2\/posts\/24527\/revisions\/24564"}],"wp:featuredmedia":[{"embeddable":true,"href":"https:\/\/radiostudiow.com.br\/site\/wp-json\/wp\/v2\/media\/24563"}],"wp:attachment":[{"href":"https:\/\/radiostudiow.com.br\/site\/wp-json\/wp\/v2\/media?parent=24527"}],"wp:term":[{"taxonomy":"category","embeddable":true,"href":"https:\/\/radiostudiow.com.br\/site\/wp-json\/wp\/v2\/categories?post=24527"},{"taxonomy":"post_tag","embeddable":true,"href":"https:\/\/radiostudiow.com.br\/site\/wp-json\/wp\/v2\/tags?post=24527"}],"curies":[{"name":"wp","href":"https:\/\/api.w.org\/{rel}","templated":true}]}}