{"id":24530,"date":"2024-07-11T20:56:36","date_gmt":"2024-07-11T23:56:36","guid":{"rendered":"https:\/\/radiostudiow.com.br\/site\/?p=24530"},"modified":"2025-01-31T14:59:09","modified_gmt":"2025-01-31T17:59:09","slug":"dois-mandados-de-prisao-sao-cumpridos-em-uniao-da-vitoria","status":"publish","type":"post","link":"https:\/\/radiostudiow.com.br\/site\/2024\/07\/11\/dois-mandados-de-prisao-sao-cumpridos-em-uniao-da-vitoria\/","title":{"rendered":"Dois mandados de pris\u00e3o s\u00e3o cumpridos em Uni\u00e3o da Vit\u00f3ria"},"content":{"rendered":"\n<p>Ao menos dois mandados de pris\u00e3o foram cumpridos pela Pol\u00edcia Militar durante ess quarta-feira, dia 10 de julho. Os casos, conforme a Pol\u00edcia, foram registrados em Uni\u00e3o da Vit\u00f3ria e pr\u00f3ximo de S\u00e3o Mateus do Sul.<\/p>\n\n\n\n<figure class=\"wp-block-image size-large\"><img loading=\"lazy\" decoding=\"async\" width=\"1024\" height=\"390\" src=\"https:\/\/radiostudiow.com.br\/site\/wp-content\/uploads\/2024\/06\/449383450_900410565459867_7398886830294326458_n-1024x390.png\" alt=\"\" class=\"wp-image-24042\" srcset=\"https:\/\/radiostudiow.com.br\/site\/wp-content\/uploads\/2024\/06\/449383450_900410565459867_7398886830294326458_n-1024x390.png 1024w, https:\/\/radiostudiow.com.br\/site\/wp-content\/uploads\/2024\/06\/449383450_900410565459867_7398886830294326458_n-300x114.png 300w, https:\/\/radiostudiow.com.br\/site\/wp-content\/uploads\/2024\/06\/449383450_900410565459867_7398886830294326458_n-768x292.png 768w, https:\/\/radiostudiow.com.br\/site\/wp-content\/uploads\/2024\/06\/449383450_900410565459867_7398886830294326458_n-1536x584.png 1536w, https:\/\/radiostudiow.com.br\/site\/wp-content\/uploads\/2024\/06\/449383450_900410565459867_7398886830294326458_n-2048x779.png 2048w\" sizes=\"auto, (max-width: 1024px) 100vw, 1024px\" \/><\/figure>\n\n\n\n<p>Conforme informa\u00e7\u00f5es no fim de tarde por volta das 17h45 a Pol\u00edcia tomou conhecimento sobre um mandado em desfavor de um homem que foi abordado no bairro S\u00e3o Bernardo.<\/p>\n\n\n\n<p>J\u00e1 por volta das 23h30, a Pol\u00edcia recebeu informa\u00e7\u00f5es sobre um homem que estava deslocando pela rodovia BR-476 pr\u00f3ximo a S\u00e3o Mateus do Sul, sendo o mesmo abordado em seu carro e detido. Ambos foram conduzidos at\u00e9 a delegacia.<\/p>\n","protected":false},"excerpt":{"rendered":"<p>Ao menos dois mandados de pris\u00e3o foram cumpridos pela Pol\u00edcia Militar durante ess quarta-feira, dia 10 de julho. Os casos, conforme a Pol\u00edcia, foram registrados em Uni\u00e3o da Vit\u00f3ria e pr\u00f3ximo de S\u00e3o Mateus do Sul. Conforme informa\u00e7\u00f5es no fim de tarde por volta das 17h45 a Pol\u00edcia tomou conhecimento sobre um mandado em desfavor [&hellip;]<\/p>\n","protected":false},"author":2,"featured_media":20848,"comment_status":"open","ping_status":"open","sticky":false,"template":"","format":"standard","meta":{"footnotes":""},"categories":[2],"tags":[172],"class_list":["post-24530","post","type-post","status-publish","format-standard","has-post-thumbnail","hentry","category-policial","tag-featured"],"amp_enabled":true,"_links":{"self":[{"href":"https:\/\/radiostudiow.com.br\/site\/wp-json\/wp\/v2\/posts\/24530","targetHints":{"allow":["GET"]}}],"collection":[{"href":"https:\/\/radiostudiow.com.br\/site\/wp-json\/wp\/v2\/posts"}],"about":[{"href":"https:\/\/radiostudiow.com.br\/site\/wp-json\/wp\/v2\/types\/post"}],"author":[{"embeddable":true,"href":"https:\/\/radiostudiow.com.br\/site\/wp-json\/wp\/v2\/users\/2"}],"replies":[{"embeddable":true,"href":"https:\/\/radiostudiow.com.br\/site\/wp-json\/wp\/v2\/comments?post=24530"}],"version-history":[{"count":2,"href":"https:\/\/radiostudiow.com.br\/site\/wp-json\/wp\/v2\/posts\/24530\/revisions"}],"predecessor-version":[{"id":24565,"href":"https:\/\/radiostudiow.com.br\/site\/wp-json\/wp\/v2\/posts\/24530\/revisions\/24565"}],"wp:featuredmedia":[{"embeddable":true,"href":"https:\/\/radiostudiow.com.br\/site\/wp-json\/wp\/v2\/media\/20848"}],"wp:attachment":[{"href":"https:\/\/radiostudiow.com.br\/site\/wp-json\/wp\/v2\/media?parent=24530"}],"wp:term":[{"taxonomy":"category","embeddable":true,"href":"https:\/\/radiostudiow.com.br\/site\/wp-json\/wp\/v2\/categories?post=24530"},{"taxonomy":"post_tag","embeddable":true,"href":"https:\/\/radiostudiow.com.br\/site\/wp-json\/wp\/v2\/tags?post=24530"}],"curies":[{"name":"wp","href":"https:\/\/api.w.org\/{rel}","templated":true}]}}