{"id":24532,"date":"2024-07-11T20:58:37","date_gmt":"2024-07-11T23:58:37","guid":{"rendered":"https:\/\/radiostudiow.com.br\/site\/?p=24532"},"modified":"2025-01-31T14:59:09","modified_gmt":"2025-01-31T17:59:09","slug":"suspeita-de-homem-armado-mobiliza-pm-de-uniao-da-vitoria","status":"publish","type":"post","link":"https:\/\/radiostudiow.com.br\/site\/2024\/07\/11\/suspeita-de-homem-armado-mobiliza-pm-de-uniao-da-vitoria\/","title":{"rendered":"Suspeita de homem armado mobiliza PM de Uni\u00e3o da Vit\u00f3ria"},"content":{"rendered":"\n<p>A Pol\u00edcia Militar do 27\u00ba Batalh\u00e3o de Uni\u00e3o da Vit\u00f3ria foi mobilizada durante o meio da tarde dessa quarta-feira, 10 de julho, em uma ocorr\u00eancia de amea\u00e7a registrada no bairro Limeira.<\/p>\n\n\n\n<figure class=\"wp-block-image size-full\"><img loading=\"lazy\" decoding=\"async\" width=\"897\" height=\"204\" src=\"https:\/\/radiostudiow.com.br\/site\/wp-content\/uploads\/2024\/04\/image-7.png\" alt=\"\" class=\"wp-image-21177\" srcset=\"https:\/\/radiostudiow.com.br\/site\/wp-content\/uploads\/2024\/04\/image-7.png 897w, https:\/\/radiostudiow.com.br\/site\/wp-content\/uploads\/2024\/04\/image-7-300x68.png 300w, https:\/\/radiostudiow.com.br\/site\/wp-content\/uploads\/2024\/04\/image-7-768x175.png 768w\" sizes=\"auto, (max-width: 897px) 100vw, 897px\" \/><\/figure>\n\n\n\n<p>Segundo informa\u00e7\u00f5es divulgadas para a imprensa, uma mulher acionou a Pol\u00edcia relatando que um homem, o qual se tratava de seu convivente estaria em via p\u00fablica com uma arma de fogo fazendo amea\u00e7as.<\/p>\n\n\n\n<p>Diante da suspeita, a Pol\u00edcia deslocou at\u00e9 o bairro e realizou patrulhamento por diversas ruas, n\u00e3o sendo encontrando o suspeito. O caso foi registrado.<\/p>\n","protected":false},"excerpt":{"rendered":"<p>A Pol\u00edcia Militar do 27\u00ba Batalh\u00e3o de Uni\u00e3o da Vit\u00f3ria foi mobilizada durante o meio da tarde dessa quarta-feira, 10 de julho, em uma ocorr\u00eancia de amea\u00e7a registrada no bairro Limeira. Segundo informa\u00e7\u00f5es divulgadas para a imprensa, uma mulher acionou a Pol\u00edcia relatando que um homem, o qual se tratava de seu convivente estaria em [&hellip;]<\/p>\n","protected":false},"author":2,"featured_media":22163,"comment_status":"open","ping_status":"open","sticky":false,"template":"","format":"standard","meta":{"footnotes":""},"categories":[2],"tags":[172],"class_list":["post-24532","post","type-post","status-publish","format-standard","has-post-thumbnail","hentry","category-policial","tag-featured"],"amp_enabled":true,"_links":{"self":[{"href":"https:\/\/radiostudiow.com.br\/site\/wp-json\/wp\/v2\/posts\/24532","targetHints":{"allow":["GET"]}}],"collection":[{"href":"https:\/\/radiostudiow.com.br\/site\/wp-json\/wp\/v2\/posts"}],"about":[{"href":"https:\/\/radiostudiow.com.br\/site\/wp-json\/wp\/v2\/types\/post"}],"author":[{"embeddable":true,"href":"https:\/\/radiostudiow.com.br\/site\/wp-json\/wp\/v2\/users\/2"}],"replies":[{"embeddable":true,"href":"https:\/\/radiostudiow.com.br\/site\/wp-json\/wp\/v2\/comments?post=24532"}],"version-history":[{"count":2,"href":"https:\/\/radiostudiow.com.br\/site\/wp-json\/wp\/v2\/posts\/24532\/revisions"}],"predecessor-version":[{"id":24566,"href":"https:\/\/radiostudiow.com.br\/site\/wp-json\/wp\/v2\/posts\/24532\/revisions\/24566"}],"wp:featuredmedia":[{"embeddable":true,"href":"https:\/\/radiostudiow.com.br\/site\/wp-json\/wp\/v2\/media\/22163"}],"wp:attachment":[{"href":"https:\/\/radiostudiow.com.br\/site\/wp-json\/wp\/v2\/media?parent=24532"}],"wp:term":[{"taxonomy":"category","embeddable":true,"href":"https:\/\/radiostudiow.com.br\/site\/wp-json\/wp\/v2\/categories?post=24532"},{"taxonomy":"post_tag","embeddable":true,"href":"https:\/\/radiostudiow.com.br\/site\/wp-json\/wp\/v2\/tags?post=24532"}],"curies":[{"name":"wp","href":"https:\/\/api.w.org\/{rel}","templated":true}]}}