{"id":24534,"date":"2024-07-11T21:02:00","date_gmt":"2024-07-12T00:02:00","guid":{"rendered":"https:\/\/radiostudiow.com.br\/site\/?p=24534"},"modified":"2025-01-31T14:59:09","modified_gmt":"2025-01-31T17:59:09","slug":"ladrao-de-baterias-de-caminhao-e-preso-em-uniao-da-vitoria","status":"publish","type":"post","link":"https:\/\/radiostudiow.com.br\/site\/2024\/07\/11\/ladrao-de-baterias-de-caminhao-e-preso-em-uniao-da-vitoria\/","title":{"rendered":"Ladr\u00e3o de baterias de caminh\u00e3o \u00e9 preso em Uni\u00e3o da Vit\u00f3ria"},"content":{"rendered":"\n<p>A equipe da Pol\u00edcia Militar deteve um homem apontado como respons\u00e1vel de furtar por duas vezes as baterias de caminh\u00f5es no bairro S\u00e3o Bas\u00edlio Magno em Uni\u00e3o da Vit\u00f3ria nesta quarta-feira (10).<\/p>\n\n\n\n<figure class=\"wp-block-image size-full\"><img loading=\"lazy\" decoding=\"async\" width=\"598\" height=\"204\" src=\"https:\/\/radiostudiow.com.br\/site\/wp-content\/uploads\/2024\/04\/image-23.png\" alt=\"\" class=\"wp-image-21221\" srcset=\"https:\/\/radiostudiow.com.br\/site\/wp-content\/uploads\/2024\/04\/image-23.png 598w, https:\/\/radiostudiow.com.br\/site\/wp-content\/uploads\/2024\/04\/image-23-300x102.png 300w\" sizes=\"auto, (max-width: 598px) 100vw, 598px\" \/><\/figure>\n\n\n\n<p>Conforme informa\u00e7\u00f5es, o propriet\u00e1rio dos caminh\u00f5es acionou a Pol\u00edcia e forneceu as imagens de c\u00e2meras de monitoramento que flagraram o crime. Ele tamb\u00e9m pediu provid\u00eancia diante dos casos recorrentes.<\/p>\n\n\n\n<p>Ap\u00f3s uma den\u00fancia de que havia uma pessoa vendendo baterias a Pol\u00edcia iniciou dilig\u00eancias e localizou dois homens que foram abordados, sendo um deles identificado como autor do crime, o qual foi preso e conduzido at\u00e9 a delegacia.<\/p>\n\n\n\n<p><a href=\"javascript:void(0);\"><\/a><\/p>\n\n\n\n<p><a href=\"https:\/\/www.facebook.com\/sharer.php?u=https%3A%2F%2Fcanal4.tv.br%2F2024%2F07%2F11%2Fladrao-de-baterias-de-caminhao-e-preso-em-uniao-da-vitoria%2F%3Ffbclid%3DIwZXh0bgNhZW0CMTEAAR3-88b533Fd_ujPe0H57L5uJ8RBIHoZnBk_eYs6Uax0OWQhzKGvyuwcqSw_aem_QbpzEv3JcbzLxN-OJj1knA\" target=\"_blank\" rel=\"noreferrer noopener\"><\/a><\/p>\n\n\n\n<p><a href=\"https:\/\/web.whatsapp.com\/send?text=Ladr%C3%A3o%20de%20baterias%20de%20caminh%C3%A3o%20%C3%A9%20preso%20em%20Uni%C3%A3o%20da%20Vit%C3%B3ria%20%E2%98%9B%20https%3A%2F%2Fcanal4.tv.br%2F2024%2F07%2F11%2Fladrao-de-baterias-de-caminhao-e-preso-em-uniao-da-vitoria%2F%3Ffbclid%3DIwZXh0bgNhZW0CMTEAAR3-88b533Fd_ujPe0H57L5uJ8RBIHoZnBk_eYs6Uax0OWQhzKGvyuwcqSw_aem_QbpzEv3JcbzLxN-OJj1knA\" target=\"_blank\" rel=\"noreferrer noopener\"><\/a><\/p>\n\n\n\n<p><a href=\"javascript:void(0);\"><\/a><\/p>\n","protected":false},"excerpt":{"rendered":"<p>A equipe da Pol\u00edcia Militar deteve um homem apontado como respons\u00e1vel de furtar por duas vezes as baterias de caminh\u00f5es no bairro S\u00e3o Bas\u00edlio Magno em Uni\u00e3o da Vit\u00f3ria nesta quarta-feira (10). Conforme informa\u00e7\u00f5es, o propriet\u00e1rio dos caminh\u00f5es acionou a Pol\u00edcia e forneceu as imagens de c\u00e2meras de monitoramento que flagraram o crime. Ele tamb\u00e9m [&hellip;]<\/p>\n","protected":false},"author":2,"featured_media":21681,"comment_status":"open","ping_status":"open","sticky":false,"template":"","format":"standard","meta":{"footnotes":""},"categories":[2],"tags":[172],"class_list":["post-24534","post","type-post","status-publish","format-standard","has-post-thumbnail","hentry","category-policial","tag-featured"],"amp_enabled":true,"_links":{"self":[{"href":"https:\/\/radiostudiow.com.br\/site\/wp-json\/wp\/v2\/posts\/24534","targetHints":{"allow":["GET"]}}],"collection":[{"href":"https:\/\/radiostudiow.com.br\/site\/wp-json\/wp\/v2\/posts"}],"about":[{"href":"https:\/\/radiostudiow.com.br\/site\/wp-json\/wp\/v2\/types\/post"}],"author":[{"embeddable":true,"href":"https:\/\/radiostudiow.com.br\/site\/wp-json\/wp\/v2\/users\/2"}],"replies":[{"embeddable":true,"href":"https:\/\/radiostudiow.com.br\/site\/wp-json\/wp\/v2\/comments?post=24534"}],"version-history":[{"count":3,"href":"https:\/\/radiostudiow.com.br\/site\/wp-json\/wp\/v2\/posts\/24534\/revisions"}],"predecessor-version":[{"id":24571,"href":"https:\/\/radiostudiow.com.br\/site\/wp-json\/wp\/v2\/posts\/24534\/revisions\/24571"}],"wp:featuredmedia":[{"embeddable":true,"href":"https:\/\/radiostudiow.com.br\/site\/wp-json\/wp\/v2\/media\/21681"}],"wp:attachment":[{"href":"https:\/\/radiostudiow.com.br\/site\/wp-json\/wp\/v2\/media?parent=24534"}],"wp:term":[{"taxonomy":"category","embeddable":true,"href":"https:\/\/radiostudiow.com.br\/site\/wp-json\/wp\/v2\/categories?post=24534"},{"taxonomy":"post_tag","embeddable":true,"href":"https:\/\/radiostudiow.com.br\/site\/wp-json\/wp\/v2\/tags?post=24534"}],"curies":[{"name":"wp","href":"https:\/\/api.w.org\/{rel}","templated":true}]}}