{"id":24536,"date":"2024-07-13T08:46:09","date_gmt":"2024-07-13T11:46:09","guid":{"rendered":"https:\/\/radiostudiow.com.br\/site\/?p=24536"},"modified":"2025-01-31T14:59:09","modified_gmt":"2025-01-31T17:59:09","slug":"diretor-e-assessoras-de-escola-acusados-de-assedio-moral-sao-inocentados","status":"publish","type":"post","link":"https:\/\/radiostudiow.com.br\/site\/2024\/07\/13\/diretor-e-assessoras-de-escola-acusados-de-assedio-moral-sao-inocentados\/","title":{"rendered":"Diretor e assessoras de escola acusados de ass\u00e9dio moral s\u00e3o inocentados"},"content":{"rendered":"\n<p>Oito meses depois de terem sido afastados de seus cargos,\u00a0o ex-diretor da Escola de Educa\u00e7\u00e3o B\u00e1sica Hor\u00e1cio Nunes, de Irine\u00f3polis, Gilvane Bueno, e mais duas assessoras de dire\u00e7\u00e3o\u00a0tiveram o processo administrativo contra eles arquivado.<\/p>\n\n\n\n<figure class=\"wp-block-image size-large\"><img loading=\"lazy\" decoding=\"async\" width=\"1024\" height=\"390\" src=\"https:\/\/radiostudiow.com.br\/site\/wp-content\/uploads\/2024\/06\/449383450_900410565459867_7398886830294326458_n-1024x390.png\" alt=\"\" class=\"wp-image-24042\" srcset=\"https:\/\/radiostudiow.com.br\/site\/wp-content\/uploads\/2024\/06\/449383450_900410565459867_7398886830294326458_n-1024x390.png 1024w, https:\/\/radiostudiow.com.br\/site\/wp-content\/uploads\/2024\/06\/449383450_900410565459867_7398886830294326458_n-300x114.png 300w, https:\/\/radiostudiow.com.br\/site\/wp-content\/uploads\/2024\/06\/449383450_900410565459867_7398886830294326458_n-768x292.png 768w, https:\/\/radiostudiow.com.br\/site\/wp-content\/uploads\/2024\/06\/449383450_900410565459867_7398886830294326458_n-1536x584.png 1536w, https:\/\/radiostudiow.com.br\/site\/wp-content\/uploads\/2024\/06\/449383450_900410565459867_7398886830294326458_n-2048x779.png 2048w\" sizes=\"auto, (max-width: 1024px) 100vw, 1024px\" \/><\/figure>\n\n\n\n<p>O ex-diretor e as duas assessoras haviam sido afastados dos cargos em 10 de outubro de 2023, conforme portaria publicada no Di\u00e1rio Oficial do Estado (DOE). Uma nova portaria, datada em 17 de junho de 2024, arquiva o processo administrativo disciplinar.<\/p>\n\n\n\n<p>Na \u00e9poca do afastamento, a coordenadora regional de Educa\u00e7\u00e3o, Cleide Gon\u00e7alves, relatou que se tratava de um caso de ass\u00e9dio moral, que levou a abertura do processo administrativo contra Gilvane e as duas assessoras.<\/p>\n\n\n\n<p><em><strong>\u201cQuando se pede o afastamento de um profissional \u00e9 justamente para proteger ele, para resguard\u00e1-lo, n\u00e3o para puni-lo, tanto que eles mant\u00eam a remunera\u00e7\u00e3o. Inclusive eles podem voltar (ao fim do procedimento)\u201d<\/strong><\/em>, explicou a coordenadora regional \u00e0 reportagem do Portal\u00a0JMais.<\/p>\n\n\n\n<figure class=\"wp-block-image size-full\"><img loading=\"lazy\" decoding=\"async\" width=\"590\" height=\"204\" src=\"https:\/\/radiostudiow.com.br\/site\/wp-content\/uploads\/2024\/04\/image-27.png\" alt=\"\" class=\"wp-image-21280\" srcset=\"https:\/\/radiostudiow.com.br\/site\/wp-content\/uploads\/2024\/04\/image-27.png 590w, https:\/\/radiostudiow.com.br\/site\/wp-content\/uploads\/2024\/04\/image-27-300x104.png 300w\" sizes=\"auto, (max-width: 590px) 100vw, 590px\" \/><\/figure>\n\n\n\n<p><strong><em>\u201cA gente foi investigado, mas t\u00ednhamos a cabe\u00e7a tranquila de que n\u00e3o havia cometido irregularidades que apontavam a portaria. N\u00f3s, a minha equipe, fomos prejudicados quanto ao pleito para seguir na gest\u00e3o escolar. Mesmo assim, n\u00f3s fomos os mais votados, por\u00e9m, n\u00e3o estamos mais na gest\u00e3o. A coordenadoria n\u00e3o nos aceitou mais como gestores\u201d,<\/em><\/strong> lamentou Gilvane.<\/p>\n\n\n\n<p>Para o ex-diretor, a portaria \u00e9 muito espec\u00edfica e deixa muito claro que eles n\u00e3o cometeram irregularidades.<em><strong> \u201cFomos atacados por fazer o nosso papel de gestor e n\u00e3o fechar os olhos para as irregularidades que existiam\u201d, <\/strong><\/em>ressaltou Gilvane.<\/p>\n","protected":false},"excerpt":{"rendered":"<p>Oito meses depois de terem sido afastados de seus cargos,\u00a0o ex-diretor da Escola de Educa\u00e7\u00e3o B\u00e1sica Hor\u00e1cio Nunes, de Irine\u00f3polis, Gilvane Bueno, e mais duas assessoras de dire\u00e7\u00e3o\u00a0tiveram o processo administrativo contra eles arquivado. O ex-diretor e as duas assessoras haviam sido afastados dos cargos em 10 de outubro de 2023, conforme portaria publicada no [&hellip;]<\/p>\n","protected":false},"author":2,"featured_media":24630,"comment_status":"open","ping_status":"open","sticky":false,"template":"","format":"standard","meta":{"footnotes":""},"categories":[185],"tags":[172],"class_list":["post-24536","post","type-post","status-publish","format-standard","has-post-thumbnail","hentry","category-regional","tag-featured"],"amp_enabled":true,"_links":{"self":[{"href":"https:\/\/radiostudiow.com.br\/site\/wp-json\/wp\/v2\/posts\/24536","targetHints":{"allow":["GET"]}}],"collection":[{"href":"https:\/\/radiostudiow.com.br\/site\/wp-json\/wp\/v2\/posts"}],"about":[{"href":"https:\/\/radiostudiow.com.br\/site\/wp-json\/wp\/v2\/types\/post"}],"author":[{"embeddable":true,"href":"https:\/\/radiostudiow.com.br\/site\/wp-json\/wp\/v2\/users\/2"}],"replies":[{"embeddable":true,"href":"https:\/\/radiostudiow.com.br\/site\/wp-json\/wp\/v2\/comments?post=24536"}],"version-history":[{"count":3,"href":"https:\/\/radiostudiow.com.br\/site\/wp-json\/wp\/v2\/posts\/24536\/revisions"}],"predecessor-version":[{"id":24631,"href":"https:\/\/radiostudiow.com.br\/site\/wp-json\/wp\/v2\/posts\/24536\/revisions\/24631"}],"wp:featuredmedia":[{"embeddable":true,"href":"https:\/\/radiostudiow.com.br\/site\/wp-json\/wp\/v2\/media\/24630"}],"wp:attachment":[{"href":"https:\/\/radiostudiow.com.br\/site\/wp-json\/wp\/v2\/media?parent=24536"}],"wp:term":[{"taxonomy":"category","embeddable":true,"href":"https:\/\/radiostudiow.com.br\/site\/wp-json\/wp\/v2\/categories?post=24536"},{"taxonomy":"post_tag","embeddable":true,"href":"https:\/\/radiostudiow.com.br\/site\/wp-json\/wp\/v2\/tags?post=24536"}],"curies":[{"name":"wp","href":"https:\/\/api.w.org\/{rel}","templated":true}]}}