{"id":24538,"date":"2024-07-11T20:59:38","date_gmt":"2024-07-11T23:59:38","guid":{"rendered":"https:\/\/radiostudiow.com.br\/site\/?p=24538"},"modified":"2025-01-31T14:59:09","modified_gmt":"2025-01-31T17:59:09","slug":"saida-de-pista-foi-registrada-entre-uniao-da-vitoria-e-paula-freitas","status":"publish","type":"post","link":"https:\/\/radiostudiow.com.br\/site\/2024\/07\/11\/saida-de-pista-foi-registrada-entre-uniao-da-vitoria-e-paula-freitas\/","title":{"rendered":"Sa\u00edda de pista foi registrada entre Uni\u00e3o da Vit\u00f3ria e Paula Freitas"},"content":{"rendered":"\n<p>Um caminh\u00e3o saiu da pista na BR-476, no trecho entre Uni\u00e3o da Vit\u00f3ria e Paula Freitas, por volta das 14:49 horas desta quinta-feira (11).<\/p>\n\n\n\n<figure class=\"wp-block-image size-full\"><img loading=\"lazy\" decoding=\"async\" width=\"897\" height=\"204\" src=\"https:\/\/radiostudiow.com.br\/site\/wp-content\/uploads\/2024\/04\/image-50.png\" alt=\"\" class=\"wp-image-21368\" srcset=\"https:\/\/radiostudiow.com.br\/site\/wp-content\/uploads\/2024\/04\/image-50.png 897w, https:\/\/radiostudiow.com.br\/site\/wp-content\/uploads\/2024\/04\/image-50-300x68.png 300w, https:\/\/radiostudiow.com.br\/site\/wp-content\/uploads\/2024\/04\/image-50-768x175.png 768w\" sizes=\"auto, (max-width: 897px) 100vw, 897px\" \/><\/figure>\n\n\n\n<p>O condutor do caminh\u00e3o sofreu ferimentos e foi encaminhado pelo Corpo de Bombeiros de Uni\u00e3o da Vit\u00f3ria at\u00e9 o hospital. Uma socorrista do Samu que passava pelo trecho prestou o atendimento ao inicial ao motorista.\u00a0<a href=\"mailto:?subject=Sa%C3%ADda%20de%20pista%20foi%20registrada%20na%20BR-476&amp;body=https:\/\/www.vvale.com.br\/transito\/saida-de-pista-foi-registrada-na-br-476\/\" target=\"_blank\" rel=\"noreferrer noopener\"><\/a><\/p>\n\n\n\n<figure class=\"wp-block-image size-full\"><img loading=\"lazy\" decoding=\"async\" width=\"500\" height=\"261\" src=\"https:\/\/radiostudiow.com.br\/site\/wp-content\/uploads\/2024\/07\/08.jpeg\" alt=\"\" class=\"wp-image-24568\" srcset=\"https:\/\/radiostudiow.com.br\/site\/wp-content\/uploads\/2024\/07\/08.jpeg 500w, https:\/\/radiostudiow.com.br\/site\/wp-content\/uploads\/2024\/07\/08-300x157.jpeg 300w\" sizes=\"auto, (max-width: 500px) 100vw, 500px\" \/><\/figure>\n","protected":false},"excerpt":{"rendered":"<p>Um caminh\u00e3o saiu da pista na BR-476, no trecho entre Uni\u00e3o da Vit\u00f3ria e Paula Freitas, por volta das 14:49 horas desta quinta-feira (11). O condutor do caminh\u00e3o sofreu ferimentos e foi encaminhado pelo Corpo de Bombeiros de Uni\u00e3o da Vit\u00f3ria at\u00e9 o hospital. Uma socorrista do Samu que passava pelo trecho prestou o atendimento [&hellip;]<\/p>\n","protected":false},"author":2,"featured_media":24567,"comment_status":"open","ping_status":"open","sticky":false,"template":"","format":"standard","meta":{"footnotes":""},"categories":[185],"tags":[172],"class_list":["post-24538","post","type-post","status-publish","format-standard","has-post-thumbnail","hentry","category-regional","tag-featured"],"amp_enabled":true,"_links":{"self":[{"href":"https:\/\/radiostudiow.com.br\/site\/wp-json\/wp\/v2\/posts\/24538","targetHints":{"allow":["GET"]}}],"collection":[{"href":"https:\/\/radiostudiow.com.br\/site\/wp-json\/wp\/v2\/posts"}],"about":[{"href":"https:\/\/radiostudiow.com.br\/site\/wp-json\/wp\/v2\/types\/post"}],"author":[{"embeddable":true,"href":"https:\/\/radiostudiow.com.br\/site\/wp-json\/wp\/v2\/users\/2"}],"replies":[{"embeddable":true,"href":"https:\/\/radiostudiow.com.br\/site\/wp-json\/wp\/v2\/comments?post=24538"}],"version-history":[{"count":3,"href":"https:\/\/radiostudiow.com.br\/site\/wp-json\/wp\/v2\/posts\/24538\/revisions"}],"predecessor-version":[{"id":24569,"href":"https:\/\/radiostudiow.com.br\/site\/wp-json\/wp\/v2\/posts\/24538\/revisions\/24569"}],"wp:featuredmedia":[{"embeddable":true,"href":"https:\/\/radiostudiow.com.br\/site\/wp-json\/wp\/v2\/media\/24567"}],"wp:attachment":[{"href":"https:\/\/radiostudiow.com.br\/site\/wp-json\/wp\/v2\/media?parent=24538"}],"wp:term":[{"taxonomy":"category","embeddable":true,"href":"https:\/\/radiostudiow.com.br\/site\/wp-json\/wp\/v2\/categories?post=24538"},{"taxonomy":"post_tag","embeddable":true,"href":"https:\/\/radiostudiow.com.br\/site\/wp-json\/wp\/v2\/tags?post=24538"}],"curies":[{"name":"wp","href":"https:\/\/api.w.org\/{rel}","templated":true}]}}