{"id":24540,"date":"2024-07-11T21:05:36","date_gmt":"2024-07-12T00:05:36","guid":{"rendered":"https:\/\/radiostudiow.com.br\/site\/?p=24540"},"modified":"2025-01-31T14:59:09","modified_gmt":"2025-01-31T17:59:09","slug":"morador-de-irati-e-autuado-no-valor-de-r-30-500-00-e-respondera-criminalmente-por-dano-de-vegetacao","status":"publish","type":"post","link":"https:\/\/radiostudiow.com.br\/site\/2024\/07\/11\/morador-de-irati-e-autuado-no-valor-de-r-30-500-00-e-respondera-criminalmente-por-dano-de-vegetacao\/","title":{"rendered":"Morador de Irati \u00e9 autuado no valor de R$ 30.500.00 e responder\u00e1 criminalmente por dano de vegeta\u00e7\u00e3o"},"content":{"rendered":"\n<p>A equipe da Pol\u00edcia Ambiental constatou dano de vegeta\u00e7\u00e3o em uma propriedade rural na localidade de Barra do Gavi\u00e3o, munic\u00edpio de Irati nessa quarta-feira (10).<\/p>\n\n\n\n<p>O dano de vegeta\u00e7\u00e3o nativa em \u00e1rea de 2,08 hectares, mediante destoca, atingindo pinheiro arauc\u00e1ria, esp\u00e9cie amea\u00e7ada de extin\u00e7\u00e3o.<\/p>\n\n\n\n<p>Devido o propriet\u00e1rio n\u00e3o possuir autoriza\u00e7\u00e3o ambiental, foi autuado no valor de R$ 30.500.00 e responder\u00e1 criminalmente pelos danos.<\/p>\n\n\n\n<figure class=\"wp-block-image size-full\"><img loading=\"lazy\" decoding=\"async\" width=\"598\" height=\"204\" src=\"https:\/\/radiostudiow.com.br\/site\/wp-content\/uploads\/2024\/04\/image-39.png\" alt=\"\" class=\"wp-image-21311\" srcset=\"https:\/\/radiostudiow.com.br\/site\/wp-content\/uploads\/2024\/04\/image-39.png 598w, https:\/\/radiostudiow.com.br\/site\/wp-content\/uploads\/2024\/04\/image-39-300x102.png 300w\" sizes=\"auto, (max-width: 598px) 100vw, 598px\" \/><\/figure>\n\n\n\n<figure class=\"wp-block-image size-large\"><img loading=\"lazy\" decoding=\"async\" width=\"1024\" height=\"461\" src=\"https:\/\/radiostudiow.com.br\/site\/wp-content\/uploads\/2024\/07\/02-1024x461.jpeg\" alt=\"\" class=\"wp-image-24575\" srcset=\"https:\/\/radiostudiow.com.br\/site\/wp-content\/uploads\/2024\/07\/02-1024x461.jpeg 1024w, https:\/\/radiostudiow.com.br\/site\/wp-content\/uploads\/2024\/07\/02-300x135.jpeg 300w, https:\/\/radiostudiow.com.br\/site\/wp-content\/uploads\/2024\/07\/02-768x346.jpeg 768w, https:\/\/radiostudiow.com.br\/site\/wp-content\/uploads\/2024\/07\/02-1536x692.jpeg 1536w, https:\/\/radiostudiow.com.br\/site\/wp-content\/uploads\/2024\/07\/02.jpeg 1600w\" sizes=\"auto, (max-width: 1024px) 100vw, 1024px\" \/><\/figure>\n\n\n\n<figure class=\"wp-block-image size-large\"><img loading=\"lazy\" decoding=\"async\" width=\"1024\" height=\"461\" src=\"https:\/\/radiostudiow.com.br\/site\/wp-content\/uploads\/2024\/07\/03-1-1024x461.jpeg\" alt=\"\" class=\"wp-image-24576\" srcset=\"https:\/\/radiostudiow.com.br\/site\/wp-content\/uploads\/2024\/07\/03-1-1024x461.jpeg 1024w, https:\/\/radiostudiow.com.br\/site\/wp-content\/uploads\/2024\/07\/03-1-300x135.jpeg 300w, https:\/\/radiostudiow.com.br\/site\/wp-content\/uploads\/2024\/07\/03-1-768x346.jpeg 768w, https:\/\/radiostudiow.com.br\/site\/wp-content\/uploads\/2024\/07\/03-1-1536x691.jpeg 1536w, https:\/\/radiostudiow.com.br\/site\/wp-content\/uploads\/2024\/07\/03-1.jpeg 1600w\" sizes=\"auto, (max-width: 1024px) 100vw, 1024px\" \/><\/figure>\n","protected":false},"excerpt":{"rendered":"<p>A equipe da Pol\u00edcia Ambiental constatou dano de vegeta\u00e7\u00e3o em uma propriedade rural na localidade de Barra do Gavi\u00e3o, munic\u00edpio de Irati nessa quarta-feira (10). O dano de vegeta\u00e7\u00e3o nativa em \u00e1rea de 2,08 hectares, mediante destoca, atingindo pinheiro arauc\u00e1ria, esp\u00e9cie amea\u00e7ada de extin\u00e7\u00e3o. Devido o propriet\u00e1rio n\u00e3o possuir autoriza\u00e7\u00e3o ambiental, foi autuado no valor [&hellip;]<\/p>\n","protected":false},"author":2,"featured_media":24573,"comment_status":"open","ping_status":"open","sticky":false,"template":"","format":"standard","meta":{"footnotes":""},"categories":[2],"tags":[172],"class_list":["post-24540","post","type-post","status-publish","format-standard","has-post-thumbnail","hentry","category-policial","tag-featured"],"amp_enabled":true,"_links":{"self":[{"href":"https:\/\/radiostudiow.com.br\/site\/wp-json\/wp\/v2\/posts\/24540","targetHints":{"allow":["GET"]}}],"collection":[{"href":"https:\/\/radiostudiow.com.br\/site\/wp-json\/wp\/v2\/posts"}],"about":[{"href":"https:\/\/radiostudiow.com.br\/site\/wp-json\/wp\/v2\/types\/post"}],"author":[{"embeddable":true,"href":"https:\/\/radiostudiow.com.br\/site\/wp-json\/wp\/v2\/users\/2"}],"replies":[{"embeddable":true,"href":"https:\/\/radiostudiow.com.br\/site\/wp-json\/wp\/v2\/comments?post=24540"}],"version-history":[{"count":3,"href":"https:\/\/radiostudiow.com.br\/site\/wp-json\/wp\/v2\/posts\/24540\/revisions"}],"predecessor-version":[{"id":24577,"href":"https:\/\/radiostudiow.com.br\/site\/wp-json\/wp\/v2\/posts\/24540\/revisions\/24577"}],"wp:featuredmedia":[{"embeddable":true,"href":"https:\/\/radiostudiow.com.br\/site\/wp-json\/wp\/v2\/media\/24573"}],"wp:attachment":[{"href":"https:\/\/radiostudiow.com.br\/site\/wp-json\/wp\/v2\/media?parent=24540"}],"wp:term":[{"taxonomy":"category","embeddable":true,"href":"https:\/\/radiostudiow.com.br\/site\/wp-json\/wp\/v2\/categories?post=24540"},{"taxonomy":"post_tag","embeddable":true,"href":"https:\/\/radiostudiow.com.br\/site\/wp-json\/wp\/v2\/tags?post=24540"}],"curies":[{"name":"wp","href":"https:\/\/api.w.org\/{rel}","templated":true}]}}