{"id":24544,"date":"2024-07-11T21:03:31","date_gmt":"2024-07-12T00:03:31","guid":{"rendered":"https:\/\/radiostudiow.com.br\/site\/?p=24544"},"modified":"2025-01-31T14:59:09","modified_gmt":"2025-01-31T17:59:09","slug":"pcpr-cumpre-mandado-de-prisao-contra-homem-condenado-por-furto-qualificado-em-irati","status":"publish","type":"post","link":"https:\/\/radiostudiow.com.br\/site\/2024\/07\/11\/pcpr-cumpre-mandado-de-prisao-contra-homem-condenado-por-furto-qualificado-em-irati\/","title":{"rendered":"PCPR cumpre mandado de pris\u00e3o contra homem condenado por furto qualificado em Irati"},"content":{"rendered":"\n<p>A equipe da Pol\u00edcia Civis da 41\u00aa Delegacia de Pol\u00edcia de Irati efetuaram a pris\u00e3o de um homem de 26 anos, condenado pelo crime de furto qualificado nesta quarta-feira (10).<\/p>\n\n\n\n<figure class=\"wp-block-image size-full\"><img loading=\"lazy\" decoding=\"async\" width=\"300\" height=\"180\" src=\"https:\/\/radiostudiow.com.br\/site\/wp-content\/uploads\/2024\/04\/SITE-PEQUENO-1.png\" alt=\"\" class=\"wp-image-21868\"\/><\/figure>\n\n\n\n<p>O indiv\u00edduo havia sido condenado por furto qualificado, por\u00e9m, foi beneficiado com a substitui\u00e7\u00e3o da pena privativa de liberdade por penas restritivas de direitos.<\/p>\n\n\n\n<p>Devidamente cientificado das obriga\u00e7\u00f5es impostas contra si, como contrapartida pela n\u00e3o aplica\u00e7\u00e3o da pena de pris\u00e3o, o indiv\u00edduo n\u00e3o as cumpriu, desobedecendo, assim, a decis\u00e3o judicial que lhe deferiu o benef\u00edcio. Diante disso, foi decretada a regress\u00e3o do regime e a aplica\u00e7\u00e3o da pena de pris\u00e3o.<\/p>\n\n\n\n<figure class=\"wp-block-image size-full\"><img loading=\"lazy\" decoding=\"async\" width=\"590\" height=\"204\" src=\"https:\/\/radiostudiow.com.br\/site\/wp-content\/uploads\/2024\/04\/image-27.png\" alt=\"\" class=\"wp-image-21280\" srcset=\"https:\/\/radiostudiow.com.br\/site\/wp-content\/uploads\/2024\/04\/image-27.png 590w, https:\/\/radiostudiow.com.br\/site\/wp-content\/uploads\/2024\/04\/image-27-300x104.png 300w\" sizes=\"auto, (max-width: 590px) 100vw, 590px\" \/><\/figure>\n\n\n\n<p>Expedido o mandado em 01\/07\/2024, Agentes de Pol\u00edcia Judici\u00e1ria da Delegacia de Irati diligenciaram sobre o paradeiro do indiv\u00edduo, o qual foi encontrado no final da tarde, ocasi\u00e3o em que foi dado cumprimento ao mandado de pris\u00e3o.<\/p>\n\n\n\n<p>O apenado foi entregue ao Departamento de Pol\u00edcia Penal e se encontra \u00e0 disposi\u00e7\u00e3o da Justi\u00e7a para a execu\u00e7\u00e3o da pena.<\/p>\n","protected":false},"excerpt":{"rendered":"<p>A equipe da Pol\u00edcia Civis da 41\u00aa Delegacia de Pol\u00edcia de Irati efetuaram a pris\u00e3o de um homem de 26 anos, condenado pelo crime de furto qualificado nesta quarta-feira (10). O indiv\u00edduo havia sido condenado por furto qualificado, por\u00e9m, foi beneficiado com a substitui\u00e7\u00e3o da pena privativa de liberdade por penas restritivas de direitos. Devidamente [&hellip;]<\/p>\n","protected":false},"author":2,"featured_media":23445,"comment_status":"open","ping_status":"open","sticky":false,"template":"","format":"standard","meta":{"footnotes":""},"categories":[2],"tags":[172],"class_list":["post-24544","post","type-post","status-publish","format-standard","has-post-thumbnail","hentry","category-policial","tag-featured"],"amp_enabled":true,"_links":{"self":[{"href":"https:\/\/radiostudiow.com.br\/site\/wp-json\/wp\/v2\/posts\/24544","targetHints":{"allow":["GET"]}}],"collection":[{"href":"https:\/\/radiostudiow.com.br\/site\/wp-json\/wp\/v2\/posts"}],"about":[{"href":"https:\/\/radiostudiow.com.br\/site\/wp-json\/wp\/v2\/types\/post"}],"author":[{"embeddable":true,"href":"https:\/\/radiostudiow.com.br\/site\/wp-json\/wp\/v2\/users\/2"}],"replies":[{"embeddable":true,"href":"https:\/\/radiostudiow.com.br\/site\/wp-json\/wp\/v2\/comments?post=24544"}],"version-history":[{"count":2,"href":"https:\/\/radiostudiow.com.br\/site\/wp-json\/wp\/v2\/posts\/24544\/revisions"}],"predecessor-version":[{"id":24572,"href":"https:\/\/radiostudiow.com.br\/site\/wp-json\/wp\/v2\/posts\/24544\/revisions\/24572"}],"wp:featuredmedia":[{"embeddable":true,"href":"https:\/\/radiostudiow.com.br\/site\/wp-json\/wp\/v2\/media\/23445"}],"wp:attachment":[{"href":"https:\/\/radiostudiow.com.br\/site\/wp-json\/wp\/v2\/media?parent=24544"}],"wp:term":[{"taxonomy":"category","embeddable":true,"href":"https:\/\/radiostudiow.com.br\/site\/wp-json\/wp\/v2\/categories?post=24544"},{"taxonomy":"post_tag","embeddable":true,"href":"https:\/\/radiostudiow.com.br\/site\/wp-json\/wp\/v2\/tags?post=24544"}],"curies":[{"name":"wp","href":"https:\/\/api.w.org\/{rel}","templated":true}]}}