{"id":24551,"date":"2024-07-11T20:51:09","date_gmt":"2024-07-11T23:51:09","guid":{"rendered":"https:\/\/radiostudiow.com.br\/site\/?p=24551"},"modified":"2025-01-31T14:59:09","modified_gmt":"2025-01-31T17:59:09","slug":"projeto-de-lei-preve-diagnostico-precoce-de-diabetes-na-rede","status":"publish","type":"post","link":"https:\/\/radiostudiow.com.br\/site\/2024\/07\/11\/projeto-de-lei-preve-diagnostico-precoce-de-diabetes-na-rede\/","title":{"rendered":"Projeto de lei prev\u00ea diagn\u00f3stico precoce de diabetes na rede"},"content":{"rendered":"\n<p>A Assembleia Legislativa do Paran\u00e1 come\u00e7ou a discutir neste m\u00eas de julho o projeto de lei443\/2024, que prev\u00ea a realiza\u00e7\u00e3o do teste de glicemia capilar nos atendimentos de emerg\u00eancia e urg\u00eancia na rede p\u00fablica de sa\u00fade do estado. A proposta, de autoria do deputado estadual Ney Leprevost.<\/p>\n\n\n\n<p>O projeto estabelece que o teste de glicemia capilar, um exame simples que coleta uma gota de sangue da ponta do dedo e oferece resultado imediato, ser\u00e1 incorporado aos protocolos cl\u00ednicos e diretrizes terap\u00eauticas da rede p\u00fablica de sa\u00fade.<\/p>\n\n\n\n<figure class=\"wp-block-image size-full\"><img decoding=\"async\" src=\"https:\/\/radiostudiow.com.br\/site\/wp-content\/uploads\/2024\/04\/image-47.png\" alt=\"\" class=\"wp-image-21404\"\/><\/figure>\n\n\n\n<p>A proposta destaca a import\u00e2ncia do diagn\u00f3stico precoce no atendimento de emerg\u00eancia, ressaltando que muitos pacientes desconhecem sua condi\u00e7\u00e3o de diabetes e podem receber tratamento inadequado, como a administra\u00e7\u00e3o de solu\u00e7\u00f5es glicosadas, sem a realiza\u00e7\u00e3o pr\u00e9via do teste de glicemia.<\/p>\n\n\n\n<p>O projeto de lei prev\u00ea ainda que o teste de glicemia capilar possa ser realizado por qualquer profissional de sa\u00fade treinado, incluindo auxiliares de enfermagem, enfermeiros e m\u00e9dicos.<\/p>\n","protected":false},"excerpt":{"rendered":"<p>A Assembleia Legislativa do Paran\u00e1 come\u00e7ou a discutir neste m\u00eas de julho o projeto de lei443\/2024, que prev\u00ea a realiza\u00e7\u00e3o do teste de glicemia capilar nos atendimentos de emerg\u00eancia e urg\u00eancia na rede p\u00fablica de sa\u00fade do estado. A proposta, de autoria do deputado estadual Ney Leprevost. O projeto estabelece que o teste de glicemia [&hellip;]<\/p>\n","protected":false},"author":2,"featured_media":24560,"comment_status":"open","ping_status":"open","sticky":false,"template":"","format":"standard","meta":{"footnotes":""},"categories":[7],"tags":[172],"class_list":["post-24551","post","type-post","status-publish","format-standard","has-post-thumbnail","hentry","category-geral","tag-featured"],"amp_enabled":true,"_links":{"self":[{"href":"https:\/\/radiostudiow.com.br\/site\/wp-json\/wp\/v2\/posts\/24551","targetHints":{"allow":["GET"]}}],"collection":[{"href":"https:\/\/radiostudiow.com.br\/site\/wp-json\/wp\/v2\/posts"}],"about":[{"href":"https:\/\/radiostudiow.com.br\/site\/wp-json\/wp\/v2\/types\/post"}],"author":[{"embeddable":true,"href":"https:\/\/radiostudiow.com.br\/site\/wp-json\/wp\/v2\/users\/2"}],"replies":[{"embeddable":true,"href":"https:\/\/radiostudiow.com.br\/site\/wp-json\/wp\/v2\/comments?post=24551"}],"version-history":[{"count":3,"href":"https:\/\/radiostudiow.com.br\/site\/wp-json\/wp\/v2\/posts\/24551\/revisions"}],"predecessor-version":[{"id":24561,"href":"https:\/\/radiostudiow.com.br\/site\/wp-json\/wp\/v2\/posts\/24551\/revisions\/24561"}],"wp:featuredmedia":[{"embeddable":true,"href":"https:\/\/radiostudiow.com.br\/site\/wp-json\/wp\/v2\/media\/24560"}],"wp:attachment":[{"href":"https:\/\/radiostudiow.com.br\/site\/wp-json\/wp\/v2\/media?parent=24551"}],"wp:term":[{"taxonomy":"category","embeddable":true,"href":"https:\/\/radiostudiow.com.br\/site\/wp-json\/wp\/v2\/categories?post=24551"},{"taxonomy":"post_tag","embeddable":true,"href":"https:\/\/radiostudiow.com.br\/site\/wp-json\/wp\/v2\/tags?post=24551"}],"curies":[{"name":"wp","href":"https:\/\/api.w.org\/{rel}","templated":true}]}}