{"id":2456,"date":"2021-06-15T10:43:19","date_gmt":"2021-06-15T13:43:19","guid":{"rendered":"https:\/\/radiostudiow.com.br\/site\/?p=2456"},"modified":"2025-01-15T11:48:54","modified_gmt":"2025-01-15T14:48:54","slug":"homem-e-agredido-no-parque-dos-imigrantes-em-mallet","status":"publish","type":"post","link":"https:\/\/radiostudiow.com.br\/site\/2021\/06\/15\/homem-e-agredido-no-parque-dos-imigrantes-em-mallet\/","title":{"rendered":"HOMEM \u00c9 AGREDIDO NO PARQUE DOS IMIGRANTES EM MALLET"},"content":{"rendered":"\n<p>Um homem compareceu ao Pelot\u00e3o da Pol\u00edcia Militar de Mallet ap\u00f3s ser agredido no Parque dos Imigrantes na \u00e1rea central da cidade neste domingo (13).<\/p>\n\n\n\n<p>De acordo com a v\u00edtima, ele estava no parque dos imigrantes quando um homem se aproximou e sem motivo aparente chegou e lhe agrediu com um soco na face, causando um hematoma.<\/p>\n\n\n\n<p>O solicitante ainda afirmou que ap\u00f3s o fato o autor saiu do local tomando rumo ignorado. A v\u00edtima foi orientada pelos policiais quanto aos procedimentos cab\u00edveis.<\/p>\n\n\n\n<figure class=\"wp-block-image size-large\"><img decoding=\"async\" src=\"https:\/\/radiostudiow.com.br\/site\/wp-content\/uploads\/2021\/02\/WRNET.jpg\" alt=\"\" class=\"wp-image-662\"\/><\/figure>\n","protected":false},"excerpt":{"rendered":"<p>Um homem compareceu ao Pelot\u00e3o da Pol\u00edcia Militar de Mallet ap\u00f3s ser agredido no Parque dos Imigrantes na \u00e1rea central da cidade neste domingo (13). De acordo com a v\u00edtima, ele estava no parque dos imigrantes quando um homem se aproximou e sem motivo aparente chegou e lhe agrediu com um soco na face, causando [&hellip;]<\/p>\n","protected":false},"author":2,"featured_media":0,"comment_status":"open","ping_status":"open","sticky":false,"template":"","format":"standard","meta":{"footnotes":""},"categories":[2],"tags":[172],"class_list":["post-2456","post","type-post","status-publish","format-standard","hentry","category-policial","tag-featured"],"amp_enabled":true,"_links":{"self":[{"href":"https:\/\/radiostudiow.com.br\/site\/wp-json\/wp\/v2\/posts\/2456","targetHints":{"allow":["GET"]}}],"collection":[{"href":"https:\/\/radiostudiow.com.br\/site\/wp-json\/wp\/v2\/posts"}],"about":[{"href":"https:\/\/radiostudiow.com.br\/site\/wp-json\/wp\/v2\/types\/post"}],"author":[{"embeddable":true,"href":"https:\/\/radiostudiow.com.br\/site\/wp-json\/wp\/v2\/users\/2"}],"replies":[{"embeddable":true,"href":"https:\/\/radiostudiow.com.br\/site\/wp-json\/wp\/v2\/comments?post=2456"}],"version-history":[{"count":1,"href":"https:\/\/radiostudiow.com.br\/site\/wp-json\/wp\/v2\/posts\/2456\/revisions"}],"predecessor-version":[{"id":2457,"href":"https:\/\/radiostudiow.com.br\/site\/wp-json\/wp\/v2\/posts\/2456\/revisions\/2457"}],"wp:attachment":[{"href":"https:\/\/radiostudiow.com.br\/site\/wp-json\/wp\/v2\/media?parent=2456"}],"wp:term":[{"taxonomy":"category","embeddable":true,"href":"https:\/\/radiostudiow.com.br\/site\/wp-json\/wp\/v2\/categories?post=2456"},{"taxonomy":"post_tag","embeddable":true,"href":"https:\/\/radiostudiow.com.br\/site\/wp-json\/wp\/v2\/tags?post=2456"}],"curies":[{"name":"wp","href":"https:\/\/api.w.org\/{rel}","templated":true}]}}