{"id":24586,"date":"2024-07-12T17:17:23","date_gmt":"2024-07-12T20:17:23","guid":{"rendered":"https:\/\/radiostudiow.com.br\/site\/?p=24586"},"modified":"2025-01-31T14:59:09","modified_gmt":"2025-01-31T17:59:09","slug":"mulher-e-acusada-de-estelionato-em-general-carneiro","status":"publish","type":"post","link":"https:\/\/radiostudiow.com.br\/site\/2024\/07\/12\/mulher-e-acusada-de-estelionato-em-general-carneiro\/","title":{"rendered":"Mulher \u00e9 acusada de estelionato em General Carneiro"},"content":{"rendered":"\n<p>Uma mulher foi acusada de estar cometendo estelionato contra um homem na cidade de General Carneiro. O caso foi registrado pela equipe policial por volta das 15:46 horas dessa quinta-feira (11).<\/p>\n\n\n\n<figure class=\"wp-block-image size-full\"><img loading=\"lazy\" decoding=\"async\" width=\"300\" height=\"180\" src=\"https:\/\/radiostudiow.com.br\/site\/wp-content\/uploads\/2024\/04\/SITE-PEQUENO-1.png\" alt=\"\" class=\"wp-image-21868\"\/><\/figure>\n\n\n\n<p>De acordo com informa\u00e7\u00f5es divulgadas para a imprensa, um homem procurou a Pol\u00edcia relatando que seu av\u00f4 est\u00e1 sendo v\u00edtima de uma mulher que frequentava sua casa, especialmente, em dias pr\u00f3ximos ao pagamento de sua aposentadoria.<\/p>\n\n\n\n<p>Diante dos fatos, a Pol\u00edcia Militar confeccionou o boletim de ocorr\u00eancias e repassou orienta\u00e7\u00f5es para o solicitante quanto aos procedimentos cab\u00edveis.<\/p>\n\n\n\n<p><a href=\"https:\/\/www.facebook.com\/sharer.php?u=https%3A%2F%2Fcanal4.tv.br%2F2024%2F07%2F12%2Fmulher-e-acusada-de-estelionato-em-general-carneiro%2F%3Ffbclid%3DIwZXh0bgNhZW0CMTEAAR0kzZVtTzyR18EJpGXyJG8IaKMdjeqqRd5XOtl4EwnyuONsMDRwmJ6RL54_aem_8xPdEk4Oq1_qQ_zLhddXpg\" target=\"_blank\" rel=\"noreferrer noopener\"><\/a><\/p>\n\n\n\n<p><a href=\"https:\/\/web.whatsapp.com\/send?text=Mulher%20%C3%A9%20acusada%20de%20estelionato%20em%20General%20Carneiro%20%E2%98%9B%20https%3A%2F%2Fcanal4.tv.br%2F2024%2F07%2F12%2Fmulher-e-acusada-de-estelionato-em-general-carneiro%2F%3Ffbclid%3DIwZXh0bgNhZW0CMTEAAR0kzZVtTzyR18EJpGXyJG8IaKMdjeqqRd5XOtl4EwnyuONsMDRwmJ6RL54_aem_8xPdEk4Oq1_qQ_zLhddXpg\" target=\"_blank\" rel=\"noreferrer noopener\"><\/a><\/p>\n\n\n\n<p><a href=\"javascript:void(0);\"><\/a><\/p>\n","protected":false},"excerpt":{"rendered":"<p>Uma mulher foi acusada de estar cometendo estelionato contra um homem na cidade de General Carneiro. O caso foi registrado pela equipe policial por volta das 15:46 horas dessa quinta-feira (11). De acordo com informa\u00e7\u00f5es divulgadas para a imprensa, um homem procurou a Pol\u00edcia relatando que seu av\u00f4 est\u00e1 sendo v\u00edtima de uma mulher que [&hellip;]<\/p>\n","protected":false},"author":2,"featured_media":21680,"comment_status":"open","ping_status":"open","sticky":false,"template":"","format":"standard","meta":{"footnotes":""},"categories":[2],"tags":[172],"class_list":["post-24586","post","type-post","status-publish","format-standard","has-post-thumbnail","hentry","category-policial","tag-featured"],"amp_enabled":true,"_links":{"self":[{"href":"https:\/\/radiostudiow.com.br\/site\/wp-json\/wp\/v2\/posts\/24586","targetHints":{"allow":["GET"]}}],"collection":[{"href":"https:\/\/radiostudiow.com.br\/site\/wp-json\/wp\/v2\/posts"}],"about":[{"href":"https:\/\/radiostudiow.com.br\/site\/wp-json\/wp\/v2\/types\/post"}],"author":[{"embeddable":true,"href":"https:\/\/radiostudiow.com.br\/site\/wp-json\/wp\/v2\/users\/2"}],"replies":[{"embeddable":true,"href":"https:\/\/radiostudiow.com.br\/site\/wp-json\/wp\/v2\/comments?post=24586"}],"version-history":[{"count":5,"href":"https:\/\/radiostudiow.com.br\/site\/wp-json\/wp\/v2\/posts\/24586\/revisions"}],"predecessor-version":[{"id":24605,"href":"https:\/\/radiostudiow.com.br\/site\/wp-json\/wp\/v2\/posts\/24586\/revisions\/24605"}],"wp:featuredmedia":[{"embeddable":true,"href":"https:\/\/radiostudiow.com.br\/site\/wp-json\/wp\/v2\/media\/21680"}],"wp:attachment":[{"href":"https:\/\/radiostudiow.com.br\/site\/wp-json\/wp\/v2\/media?parent=24586"}],"wp:term":[{"taxonomy":"category","embeddable":true,"href":"https:\/\/radiostudiow.com.br\/site\/wp-json\/wp\/v2\/categories?post=24586"},{"taxonomy":"post_tag","embeddable":true,"href":"https:\/\/radiostudiow.com.br\/site\/wp-json\/wp\/v2\/tags?post=24586"}],"curies":[{"name":"wp","href":"https:\/\/api.w.org\/{rel}","templated":true}]}}