{"id":24601,"date":"2024-07-12T17:11:19","date_gmt":"2024-07-12T20:11:19","guid":{"rendered":"https:\/\/radiostudiow.com.br\/site\/?p=24601"},"modified":"2025-01-31T14:59:09","modified_gmt":"2025-01-31T17:59:09","slug":"homem-com-mandado-de-prisao-por-estupro-e-preso-em-antonio-olinto","status":"publish","type":"post","link":"https:\/\/radiostudiow.com.br\/site\/2024\/07\/12\/homem-com-mandado-de-prisao-por-estupro-e-preso-em-antonio-olinto\/","title":{"rendered":"Homem com mandado de pris\u00e3o por estupro \u00e9 preso em Ant\u00f4nio Olinto"},"content":{"rendered":"\n<p>A equipe da Pol\u00edcia Civil do Paran\u00e1 por meio da 3\u00b0 Subdivis\u00e3o Policial de S\u00e3o Mateus do Sul efetuou a pris\u00e3o de um homem de 65 anos de idade que estava foragido pelo crime de estupro de vulner\u00e1vel. A situa\u00e7\u00e3o foi registrada nesta sexta-feira (12).<\/p>\n\n\n\n<figure class=\"wp-block-image size-full\"><img loading=\"lazy\" decoding=\"async\" width=\"897\" height=\"204\" src=\"https:\/\/radiostudiow.com.br\/site\/wp-content\/uploads\/2024\/04\/image-18.png\" alt=\"\" class=\"wp-image-21207\" srcset=\"https:\/\/radiostudiow.com.br\/site\/wp-content\/uploads\/2024\/04\/image-18.png 897w, https:\/\/radiostudiow.com.br\/site\/wp-content\/uploads\/2024\/04\/image-18-300x68.png 300w, https:\/\/radiostudiow.com.br\/site\/wp-content\/uploads\/2024\/04\/image-18-768x175.png 768w\" sizes=\"auto, (max-width: 897px) 100vw, 897px\" \/><\/figure>\n\n\n\n<p>O homem foi condenado a 9 anos e 4 meses de pris\u00e3o pela Comarca de Curitiba e estava foragido desde 2021. O foragido foi capturado no interior do munic\u00edpio de Ant\u00f4nio Olinto, na localidade do Buti\u00e1.<\/p>\n\n\n\n<p>A a\u00e7\u00e3o faz parte de uma for\u00e7a tarefa do N\u00facleo de Prote\u00e7\u00e3o \u00e0 Crian\u00e7a e ao Adolescente V\u00edtimas de Crimes (NUCRIA) da PCPR.<\/p>\n","protected":false},"excerpt":{"rendered":"<p>A equipe da Pol\u00edcia Civil do Paran\u00e1 por meio da 3\u00b0 Subdivis\u00e3o Policial de S\u00e3o Mateus do Sul efetuou a pris\u00e3o de um homem de 65 anos de idade que estava foragido pelo crime de estupro de vulner\u00e1vel. A situa\u00e7\u00e3o foi registrada nesta sexta-feira (12). O homem foi condenado a 9 anos e 4 meses [&hellip;]<\/p>\n","protected":false},"author":2,"featured_media":0,"comment_status":"open","ping_status":"open","sticky":false,"template":"","format":"standard","meta":{"footnotes":""},"categories":[2],"tags":[172],"class_list":["post-24601","post","type-post","status-publish","format-standard","hentry","category-policial","tag-featured"],"amp_enabled":true,"_links":{"self":[{"href":"https:\/\/radiostudiow.com.br\/site\/wp-json\/wp\/v2\/posts\/24601","targetHints":{"allow":["GET"]}}],"collection":[{"href":"https:\/\/radiostudiow.com.br\/site\/wp-json\/wp\/v2\/posts"}],"about":[{"href":"https:\/\/radiostudiow.com.br\/site\/wp-json\/wp\/v2\/types\/post"}],"author":[{"embeddable":true,"href":"https:\/\/radiostudiow.com.br\/site\/wp-json\/wp\/v2\/users\/2"}],"replies":[{"embeddable":true,"href":"https:\/\/radiostudiow.com.br\/site\/wp-json\/wp\/v2\/comments?post=24601"}],"version-history":[{"count":1,"href":"https:\/\/radiostudiow.com.br\/site\/wp-json\/wp\/v2\/posts\/24601\/revisions"}],"predecessor-version":[{"id":24602,"href":"https:\/\/radiostudiow.com.br\/site\/wp-json\/wp\/v2\/posts\/24601\/revisions\/24602"}],"wp:attachment":[{"href":"https:\/\/radiostudiow.com.br\/site\/wp-json\/wp\/v2\/media?parent=24601"}],"wp:term":[{"taxonomy":"category","embeddable":true,"href":"https:\/\/radiostudiow.com.br\/site\/wp-json\/wp\/v2\/categories?post=24601"},{"taxonomy":"post_tag","embeddable":true,"href":"https:\/\/radiostudiow.com.br\/site\/wp-json\/wp\/v2\/tags?post=24601"}],"curies":[{"name":"wp","href":"https:\/\/api.w.org\/{rel}","templated":true}]}}