{"id":24603,"date":"2024-07-12T17:25:20","date_gmt":"2024-07-12T20:25:20","guid":{"rendered":"https:\/\/radiostudiow.com.br\/site\/?p=24603"},"modified":"2025-01-31T14:59:09","modified_gmt":"2025-01-31T17:59:09","slug":"2a-edicao-da-corrida-e-caminhada-da-cooperacao-e-realizado-pela-sicredi-centro-sul-pr-sc-rj","status":"publish","type":"post","link":"https:\/\/radiostudiow.com.br\/site\/2024\/07\/12\/2a-edicao-da-corrida-e-caminhada-da-cooperacao-e-realizado-pela-sicredi-centro-sul-pr-sc-rj\/","title":{"rendered":"2\u00aa edi\u00e7\u00e3o da Corrida e Caminhada da Coopera\u00e7\u00e3o \u00e9 realizado pela Sicredi Centro Sul PR\/SC\/RJ"},"content":{"rendered":"\n<p><em>Com 600 inscritos o evento arrecadou R$30 mil em prol das entidades beneficentes.<\/em><\/p>\n\n\n\n<p>A Sicredi Centro Sul PR\/SC\/RJ, uma das 100 cooperativas integrantes do Sistema Sicredi, realizou no dia 07 de julho, no munic\u00edpio de Prudent\u00f3polis\/PR, a 2\u00aa edi\u00e7\u00e3o \u201cCorrida e Caminhada da Coopera\u00e7\u00e3o.\u201d<\/p>\n\n\n\n<figure class=\"wp-block-image size-full\"><img loading=\"lazy\" decoding=\"async\" width=\"897\" height=\"204\" src=\"https:\/\/radiostudiow.com.br\/site\/wp-content\/uploads\/2024\/04\/image-15.png\" alt=\"\" class=\"wp-image-21199\" srcset=\"https:\/\/radiostudiow.com.br\/site\/wp-content\/uploads\/2024\/04\/image-15.png 897w, https:\/\/radiostudiow.com.br\/site\/wp-content\/uploads\/2024\/04\/image-15-300x68.png 300w, https:\/\/radiostudiow.com.br\/site\/wp-content\/uploads\/2024\/04\/image-15-768x175.png 768w\" sizes=\"auto, (max-width: 897px) 100vw, 897px\" \/><\/figure>\n\n\n\n<p>O evento faz parte das comemora\u00e7\u00f5es de 40 anos da cooperativa e contou com 600 inscritos nas modalidades: corrida, caminhada e cicloturismo, movimentando a regi\u00e3o com atletas de 26 cidades diferentes. Al\u00e9m dos adultos, cerca de 100 crian\u00e7as tiveram um momento especial, podendo experienciar o evento atrav\u00e9s da Corrida Kids e conquistar uma medalha. Desde a sua primeira edi\u00e7\u00e3o, em 2019, o objetivo do evento \u00e9 incentivar a atividade f\u00edsica e principalmente a coopera\u00e7\u00e3o, pela arrecada\u00e7\u00e3o de valores doados as entidades beneficentes do munic\u00edpio.<\/p>\n\n\n\n<p>No dia, cerca de 314 participantes se apresentaram na corrida, 124 na caminhada e 54 no cicloturismo. O valor arrecadado atrav\u00e9s das inscri\u00e7\u00f5es, foi divido entre as entidades beneficentes de Prudent\u00f3polis, conforme as escolhas dos participantes, totalizando 30 mil reais. Durante o evento foi entregue um cheque simb\u00f3lico para cada institui\u00e7\u00e3o, com o valor arrecado. Sendo: R$ 2.566 para a Acta &#8211; Associa\u00e7\u00e3o e Comunidade do Tratamento do Alcoolismo e Dependentes Qu\u00edmicos; R$ 6.216 para a Apae \u2013 Associa\u00e7\u00e3o de Pais e Amigos dos Excepcionais arrecadou; R$ 9.066 para a Apasfa \u2013 Associa\u00e7\u00e3o Protetora dos Animais S\u00e3o Francisco de Assis; R$ 3.616 para o Hospital Sagrado Cora\u00e7\u00e3o de Jesus; R$5.916 ao Lar dos Idosos S\u00e3o Vicente de Paulo e R$ 2.616 ao Hospital Santa Casa de Miseric\u00f3rdia. Por meio da Corrida Kids, cerca de 50 kg de alimentos n\u00e3o perec\u00edveis foram arrecadados e destinados para a Pastoral da Caridade do munic\u00edpio.<\/p>\n\n\n\n<figure class=\"wp-block-gallery has-nested-images columns-default is-cropped wp-block-gallery-1 is-layout-flex wp-block-gallery-is-layout-flex\">\n<figure class=\"wp-block-image size-large\"><img loading=\"lazy\" decoding=\"async\" width=\"1024\" height=\"682\" data-id=\"24607\" src=\"https:\/\/radiostudiow.com.br\/site\/wp-content\/uploads\/2024\/07\/2\u00b0-Corrida-e-Caminha-da-CooperAcao-Parte-1-236-1024x682.jpg\" alt=\"\" class=\"wp-image-24607\" srcset=\"https:\/\/radiostudiow.com.br\/site\/wp-content\/uploads\/2024\/07\/2\u00b0-Corrida-e-Caminha-da-CooperAcao-Parte-1-236-1024x682.jpg 1024w, https:\/\/radiostudiow.com.br\/site\/wp-content\/uploads\/2024\/07\/2\u00b0-Corrida-e-Caminha-da-CooperAcao-Parte-1-236-300x200.jpg 300w, https:\/\/radiostudiow.com.br\/site\/wp-content\/uploads\/2024\/07\/2\u00b0-Corrida-e-Caminha-da-CooperAcao-Parte-1-236-768x512.jpg 768w, https:\/\/radiostudiow.com.br\/site\/wp-content\/uploads\/2024\/07\/2\u00b0-Corrida-e-Caminha-da-CooperAcao-Parte-1-236-1536x1024.jpg 1536w, https:\/\/radiostudiow.com.br\/site\/wp-content\/uploads\/2024\/07\/2\u00b0-Corrida-e-Caminha-da-CooperAcao-Parte-1-236.jpg 2000w\" sizes=\"auto, (max-width: 1024px) 100vw, 1024px\" \/><\/figure>\n\n\n\n<figure class=\"wp-block-image size-large\"><img loading=\"lazy\" decoding=\"async\" width=\"1024\" height=\"682\" data-id=\"24608\" src=\"https:\/\/radiostudiow.com.br\/site\/wp-content\/uploads\/2024\/07\/2\u00b0-Corrida-e-Caminha-da-CooperAcao-Parte-1-159-1024x682.jpg\" alt=\"\" class=\"wp-image-24608\" srcset=\"https:\/\/radiostudiow.com.br\/site\/wp-content\/uploads\/2024\/07\/2\u00b0-Corrida-e-Caminha-da-CooperAcao-Parte-1-159-1024x682.jpg 1024w, https:\/\/radiostudiow.com.br\/site\/wp-content\/uploads\/2024\/07\/2\u00b0-Corrida-e-Caminha-da-CooperAcao-Parte-1-159-300x200.jpg 300w, https:\/\/radiostudiow.com.br\/site\/wp-content\/uploads\/2024\/07\/2\u00b0-Corrida-e-Caminha-da-CooperAcao-Parte-1-159-768x512.jpg 768w, https:\/\/radiostudiow.com.br\/site\/wp-content\/uploads\/2024\/07\/2\u00b0-Corrida-e-Caminha-da-CooperAcao-Parte-1-159-1536x1024.jpg 1536w, https:\/\/radiostudiow.com.br\/site\/wp-content\/uploads\/2024\/07\/2\u00b0-Corrida-e-Caminha-da-CooperAcao-Parte-1-159.jpg 2000w\" sizes=\"auto, (max-width: 1024px) 100vw, 1024px\" \/><\/figure>\n\n\n\n<figure class=\"wp-block-image size-large\"><img loading=\"lazy\" decoding=\"async\" width=\"1024\" height=\"682\" data-id=\"24609\" src=\"https:\/\/radiostudiow.com.br\/site\/wp-content\/uploads\/2024\/07\/2\u00b0-Corrida-e-Caminha-da-CooperAcao-Parte-1-149-1024x682.jpg\" alt=\"\" class=\"wp-image-24609\" srcset=\"https:\/\/radiostudiow.com.br\/site\/wp-content\/uploads\/2024\/07\/2\u00b0-Corrida-e-Caminha-da-CooperAcao-Parte-1-149-1024x682.jpg 1024w, https:\/\/radiostudiow.com.br\/site\/wp-content\/uploads\/2024\/07\/2\u00b0-Corrida-e-Caminha-da-CooperAcao-Parte-1-149-300x200.jpg 300w, https:\/\/radiostudiow.com.br\/site\/wp-content\/uploads\/2024\/07\/2\u00b0-Corrida-e-Caminha-da-CooperAcao-Parte-1-149-768x512.jpg 768w, https:\/\/radiostudiow.com.br\/site\/wp-content\/uploads\/2024\/07\/2\u00b0-Corrida-e-Caminha-da-CooperAcao-Parte-1-149-1536x1024.jpg 1536w, https:\/\/radiostudiow.com.br\/site\/wp-content\/uploads\/2024\/07\/2\u00b0-Corrida-e-Caminha-da-CooperAcao-Parte-1-149.jpg 2000w\" sizes=\"auto, (max-width: 1024px) 100vw, 1024px\" \/><\/figure>\n<\/figure>\n\n\n\n<p>Al\u00e9m das diversas modalidades competitivas realizadas na parte da manh\u00e3, o evento contou com atividades para toda fam\u00edlia, realizadas com o apoio da prefeitura de Prudent\u00f3polis e da Opera\u00e7\u00e3o Rondon Paran\u00e1, como brinquedos infl\u00e1veis, pintura facial, distribui\u00e7\u00e3o de mudas, massagens e outras atividades para todos os participantes.<\/p>\n\n\n\n<p>Esta a\u00e7\u00e3o tamb\u00e9m fez parte do Dia C (Dia de Cooperar) da cooperativa que tem como objetivo desenvolver iniciativas de responsabilidade social, colocando em pr\u00e1tica os valores e princ\u00edpios cooperativistas por meio de a\u00e7\u00f5es volunt\u00e1rias. Para a Gerente de Marketing da cooperativa, Sabrine Cappellari Ribeiro, realizar a 2\u00aa edi\u00e7\u00e3o deste evento e ver uma mobiliza\u00e7\u00e3o t\u00e3o grande por parte da sociedade, \u00e9 extremamente gratificante. E completa \u201cnosso objetivo inicial era alcan\u00e7armos 500 participantes, mas a ades\u00e3o foi tamanha que decidimos disponibilizar mais 100 vagas, que tamb\u00e9m se esgotaram rapidamente. Prudent\u00f3polis foi palco de um grande evento, realizado a muitas m\u00e3os, com atletas de 26 munic\u00edpios e com toda a certeza, al\u00e9m das institui\u00e7\u00f5es tamb\u00e9m beneficiamos a economia local.<\/p>\n\n\n\n<p>Para o presidente da cooperativa, Santo Cappellari, eventos como este refor\u00e7am o nosso prop\u00f3sito de construirmos juntos uma sociedade cada vez mais pr\u00f3spera e fortalece o v\u00ednculo entre o Sicredi, colaboradores e a sociedade em que estamos inseridos. \u201c<em>Al\u00e9m de comemorarmos os 40 anos da Sicredi Centro Sul, junto a Prudent\u00f3polis, cidade que \u00e9 a Sede da nossa cooperativa, tamb\u00e9m estamos ajudando algumas entidades beneficentes, atrav\u00e9s da doa\u00e7\u00e3o de todo o valor e alimentos arrecadados com as inscri\u00e7\u00f5es. Dessa forma, promovemos um grande movimento de coopera\u00e7\u00e3o e solidariedade em prol do pr\u00f3ximo<\/em>.\u201d Completa Cappellari.<\/p>\n\n\n\n<figure class=\"wp-block-gallery has-nested-images columns-default is-cropped wp-block-gallery-2 is-layout-flex wp-block-gallery-is-layout-flex\">\n<figure class=\"wp-block-image size-large\"><img loading=\"lazy\" decoding=\"async\" width=\"1024\" height=\"682\" data-id=\"24611\" src=\"https:\/\/radiostudiow.com.br\/site\/wp-content\/uploads\/2024\/07\/2\u00b0-Corrida-e-Caminha-da-CooperAcao-Parte-1-82-1024x682.jpg\" alt=\"\" class=\"wp-image-24611\" srcset=\"https:\/\/radiostudiow.com.br\/site\/wp-content\/uploads\/2024\/07\/2\u00b0-Corrida-e-Caminha-da-CooperAcao-Parte-1-82-1024x682.jpg 1024w, https:\/\/radiostudiow.com.br\/site\/wp-content\/uploads\/2024\/07\/2\u00b0-Corrida-e-Caminha-da-CooperAcao-Parte-1-82-300x200.jpg 300w, https:\/\/radiostudiow.com.br\/site\/wp-content\/uploads\/2024\/07\/2\u00b0-Corrida-e-Caminha-da-CooperAcao-Parte-1-82-768x512.jpg 768w, https:\/\/radiostudiow.com.br\/site\/wp-content\/uploads\/2024\/07\/2\u00b0-Corrida-e-Caminha-da-CooperAcao-Parte-1-82-1536x1024.jpg 1536w, https:\/\/radiostudiow.com.br\/site\/wp-content\/uploads\/2024\/07\/2\u00b0-Corrida-e-Caminha-da-CooperAcao-Parte-1-82.jpg 2000w\" sizes=\"auto, (max-width: 1024px) 100vw, 1024px\" \/><\/figure>\n\n\n\n<figure class=\"wp-block-image size-large\"><img loading=\"lazy\" decoding=\"async\" width=\"1024\" height=\"682\" data-id=\"24613\" src=\"https:\/\/radiostudiow.com.br\/site\/wp-content\/uploads\/2024\/07\/2\u00b0-Corrida-e-Caminha-da-CooperAcao-Parte-1-111-1024x682.jpg\" alt=\"\" class=\"wp-image-24613\" srcset=\"https:\/\/radiostudiow.com.br\/site\/wp-content\/uploads\/2024\/07\/2\u00b0-Corrida-e-Caminha-da-CooperAcao-Parte-1-111-1024x682.jpg 1024w, https:\/\/radiostudiow.com.br\/site\/wp-content\/uploads\/2024\/07\/2\u00b0-Corrida-e-Caminha-da-CooperAcao-Parte-1-111-300x200.jpg 300w, https:\/\/radiostudiow.com.br\/site\/wp-content\/uploads\/2024\/07\/2\u00b0-Corrida-e-Caminha-da-CooperAcao-Parte-1-111-768x512.jpg 768w, https:\/\/radiostudiow.com.br\/site\/wp-content\/uploads\/2024\/07\/2\u00b0-Corrida-e-Caminha-da-CooperAcao-Parte-1-111-1536x1024.jpg 1536w, https:\/\/radiostudiow.com.br\/site\/wp-content\/uploads\/2024\/07\/2\u00b0-Corrida-e-Caminha-da-CooperAcao-Parte-1-111.jpg 2000w\" sizes=\"auto, (max-width: 1024px) 100vw, 1024px\" \/><\/figure>\n\n\n\n<figure class=\"wp-block-image size-large\"><img loading=\"lazy\" decoding=\"async\" width=\"1024\" height=\"682\" data-id=\"24612\" src=\"https:\/\/radiostudiow.com.br\/site\/wp-content\/uploads\/2024\/07\/2\u00b0-Corrida-e-Caminha-da-CooperAcao-Parte-1-149-1-1024x682.jpg\" alt=\"\" class=\"wp-image-24612\" srcset=\"https:\/\/radiostudiow.com.br\/site\/wp-content\/uploads\/2024\/07\/2\u00b0-Corrida-e-Caminha-da-CooperAcao-Parte-1-149-1-1024x682.jpg 1024w, https:\/\/radiostudiow.com.br\/site\/wp-content\/uploads\/2024\/07\/2\u00b0-Corrida-e-Caminha-da-CooperAcao-Parte-1-149-1-300x200.jpg 300w, https:\/\/radiostudiow.com.br\/site\/wp-content\/uploads\/2024\/07\/2\u00b0-Corrida-e-Caminha-da-CooperAcao-Parte-1-149-1-768x512.jpg 768w, https:\/\/radiostudiow.com.br\/site\/wp-content\/uploads\/2024\/07\/2\u00b0-Corrida-e-Caminha-da-CooperAcao-Parte-1-149-1-1536x1024.jpg 1536w, https:\/\/radiostudiow.com.br\/site\/wp-content\/uploads\/2024\/07\/2\u00b0-Corrida-e-Caminha-da-CooperAcao-Parte-1-149-1.jpg 2000w\" sizes=\"auto, (max-width: 1024px) 100vw, 1024px\" \/><\/figure>\n<\/figure>\n\n\n\n<p><strong>Conhe\u00e7a os apoiadores e patrocinadores do evento<\/strong><\/p>\n\n\n\n<p>Icatu Coopera, Prefeitura de Prudent\u00f3polis, AJM Eventos Esportivos, Agenda Esportiva, OAB Subse\u00e7\u00e3o de Prudent\u00f3polis, Unimed Guarapuava, Associa\u00e7\u00e3o Recreativa Corre Prude, Strovando por a\u00ed, Casa das bicicletas e Jean Ciclobike.<\/p>\n\n\n\n<p><strong>Sobre o Sicredi<\/strong><\/p>\n\n\n\n<p>O Sicredi \u00e9 uma institui\u00e7\u00e3o financeira cooperativa comprometida com o crescimento de seus associados e com o desenvolvimento das regi\u00f5es onde atua. Possui um modelo de gest\u00e3o que valoriza a participa\u00e7\u00e3o dos mais de 8 milh\u00f5es de associados, que exercem o papel de donos do neg\u00f3cio. Com mais de 2.700 ag\u00eancias, o Sicredi est\u00e1 presente fisicamente em todos os estados brasileiros e no Distrito Federal, disponibilizando uma gama completa de solu\u00e7\u00f5es financeiras e muito mais.&nbsp;<\/p>\n\n\n\n<p><strong>Site do Sicredi:&nbsp;<\/strong><a href=\"http:\/\/www.sicredi.com.br\/coop\/centrosulprscrj\" target=\"_blank\" rel=\"noreferrer noopener\"><strong>Clique aqui&nbsp;<\/strong><\/a><\/p>\n","protected":false},"excerpt":{"rendered":"<p>Com 600 inscritos o evento arrecadou R$30 mil em prol das entidades beneficentes. A Sicredi Centro Sul PR\/SC\/RJ, uma das 100 cooperativas integrantes do Sistema Sicredi, realizou no dia 07 de julho, no munic\u00edpio de Prudent\u00f3polis\/PR, a 2\u00aa edi\u00e7\u00e3o \u201cCorrida e Caminhada da Coopera\u00e7\u00e3o.\u201d O evento faz parte das comemora\u00e7\u00f5es de 40 anos da cooperativa [&hellip;]<\/p>\n","protected":false},"author":2,"featured_media":24610,"comment_status":"open","ping_status":"open","sticky":false,"template":"","format":"standard","meta":{"footnotes":""},"categories":[7],"tags":[172],"class_list":["post-24603","post","type-post","status-publish","format-standard","has-post-thumbnail","hentry","category-geral","tag-featured"],"amp_enabled":true,"_links":{"self":[{"href":"https:\/\/radiostudiow.com.br\/site\/wp-json\/wp\/v2\/posts\/24603","targetHints":{"allow":["GET"]}}],"collection":[{"href":"https:\/\/radiostudiow.com.br\/site\/wp-json\/wp\/v2\/posts"}],"about":[{"href":"https:\/\/radiostudiow.com.br\/site\/wp-json\/wp\/v2\/types\/post"}],"author":[{"embeddable":true,"href":"https:\/\/radiostudiow.com.br\/site\/wp-json\/wp\/v2\/users\/2"}],"replies":[{"embeddable":true,"href":"https:\/\/radiostudiow.com.br\/site\/wp-json\/wp\/v2\/comments?post=24603"}],"version-history":[{"count":1,"href":"https:\/\/radiostudiow.com.br\/site\/wp-json\/wp\/v2\/posts\/24603\/revisions"}],"predecessor-version":[{"id":24614,"href":"https:\/\/radiostudiow.com.br\/site\/wp-json\/wp\/v2\/posts\/24603\/revisions\/24614"}],"wp:featuredmedia":[{"embeddable":true,"href":"https:\/\/radiostudiow.com.br\/site\/wp-json\/wp\/v2\/media\/24610"}],"wp:attachment":[{"href":"https:\/\/radiostudiow.com.br\/site\/wp-json\/wp\/v2\/media?parent=24603"}],"wp:term":[{"taxonomy":"category","embeddable":true,"href":"https:\/\/radiostudiow.com.br\/site\/wp-json\/wp\/v2\/categories?post=24603"},{"taxonomy":"post_tag","embeddable":true,"href":"https:\/\/radiostudiow.com.br\/site\/wp-json\/wp\/v2\/tags?post=24603"}],"curies":[{"name":"wp","href":"https:\/\/api.w.org\/{rel}","templated":true}]}}