{"id":24661,"date":"2024-07-13T10:27:54","date_gmt":"2024-07-13T13:27:54","guid":{"rendered":"https:\/\/radiostudiow.com.br\/site\/?p=24661"},"modified":"2025-01-31T14:59:08","modified_gmt":"2025-01-31T17:59:08","slug":"pcpr-prende-homem-que-trabalhava-com-delivery-por-trafico-de-drogas-em-sao-mateus-do-sul","status":"publish","type":"post","link":"https:\/\/radiostudiow.com.br\/site\/2024\/07\/13\/pcpr-prende-homem-que-trabalhava-com-delivery-por-trafico-de-drogas-em-sao-mateus-do-sul\/","title":{"rendered":"PCPR PRENDE HOMEM QUE TRABALHAVA COM DELIVERY POR TR\u00c1FICO DE DROGAS EM S\u00c3O MATEUS DO SUL"},"content":{"rendered":"\n<p>A PCPR, por meio da 3\u00b0 Subdivis\u00e3o Policial de S\u00e3o Mateus do Sul, prendeu em flagrante um masculino de 19 anos pelo delito de tr\u00e1fico de drogas em S\u00e3o Mateus do Sul.<\/p>\n\n\n\n<p>A pris\u00e3o foi decorrente do cumprimento de um mandado de busca e apreens\u00e3o na tarde do dia 12\/07 e resultou na apreens\u00e3o de certa quantia de coca\u00edna e dinheiro em notas diversas.<\/p>\n\n\n\n<figure class=\"wp-block-image size-full\"><img loading=\"lazy\" decoding=\"async\" width=\"897\" height=\"204\" src=\"https:\/\/radiostudiow.com.br\/site\/wp-content\/uploads\/2024\/04\/image-37.png\" alt=\"\" class=\"wp-image-21305\" srcset=\"https:\/\/radiostudiow.com.br\/site\/wp-content\/uploads\/2024\/04\/image-37.png 897w, https:\/\/radiostudiow.com.br\/site\/wp-content\/uploads\/2024\/04\/image-37-300x68.png 300w, https:\/\/radiostudiow.com.br\/site\/wp-content\/uploads\/2024\/04\/image-37-768x175.png 768w\" sizes=\"auto, (max-width: 897px) 100vw, 897px\" \/><\/figure>\n\n\n\n<p>As investiga\u00e7\u00f5es indicavam que esse masculino se valia de servi\u00e7os de delivery de alimentos para a entrega de entorpecentes aos usu\u00e1rios e, assim, n\u00e3o chamar a aten\u00e7\u00e3o das for\u00e7as de seguran\u00e7a.<\/p>\n\n\n\n<p>Tamb\u00e9m foi cumprido mandado de busca e apreens\u00e3o na casa de um adolescente e as investiga\u00e7\u00f5es continuam.<\/p>\n\n\n\n<p>DEN\u00daNCIAS \u2013 a PCPR solicita o apoio da popula\u00e7\u00e3o com informa\u00e7\u00f5es que auxiliem na investiga\u00e7\u00e3o de delitos de tr\u00e1fico de drogas. As den\u00fancias s\u00e3o an\u00f4nimas e podem ser realizadas pelo WhatsApp 42 3532-3190.<\/p>\n","protected":false},"excerpt":{"rendered":"<p>A PCPR, por meio da 3\u00b0 Subdivis\u00e3o Policial de S\u00e3o Mateus do Sul, prendeu em flagrante um masculino de 19 anos pelo delito de tr\u00e1fico de drogas em S\u00e3o Mateus do Sul. A pris\u00e3o foi decorrente do cumprimento de um mandado de busca e apreens\u00e3o na tarde do dia 12\/07 e resultou na apreens\u00e3o de [&hellip;]<\/p>\n","protected":false},"author":2,"featured_media":24663,"comment_status":"open","ping_status":"open","sticky":false,"template":"","format":"standard","meta":{"footnotes":""},"categories":[2],"tags":[172],"class_list":["post-24661","post","type-post","status-publish","format-standard","has-post-thumbnail","hentry","category-policial","tag-featured"],"amp_enabled":true,"_links":{"self":[{"href":"https:\/\/radiostudiow.com.br\/site\/wp-json\/wp\/v2\/posts\/24661","targetHints":{"allow":["GET"]}}],"collection":[{"href":"https:\/\/radiostudiow.com.br\/site\/wp-json\/wp\/v2\/posts"}],"about":[{"href":"https:\/\/radiostudiow.com.br\/site\/wp-json\/wp\/v2\/types\/post"}],"author":[{"embeddable":true,"href":"https:\/\/radiostudiow.com.br\/site\/wp-json\/wp\/v2\/users\/2"}],"replies":[{"embeddable":true,"href":"https:\/\/radiostudiow.com.br\/site\/wp-json\/wp\/v2\/comments?post=24661"}],"version-history":[{"count":1,"href":"https:\/\/radiostudiow.com.br\/site\/wp-json\/wp\/v2\/posts\/24661\/revisions"}],"predecessor-version":[{"id":24664,"href":"https:\/\/radiostudiow.com.br\/site\/wp-json\/wp\/v2\/posts\/24661\/revisions\/24664"}],"wp:featuredmedia":[{"embeddable":true,"href":"https:\/\/radiostudiow.com.br\/site\/wp-json\/wp\/v2\/media\/24663"}],"wp:attachment":[{"href":"https:\/\/radiostudiow.com.br\/site\/wp-json\/wp\/v2\/media?parent=24661"}],"wp:term":[{"taxonomy":"category","embeddable":true,"href":"https:\/\/radiostudiow.com.br\/site\/wp-json\/wp\/v2\/categories?post=24661"},{"taxonomy":"post_tag","embeddable":true,"href":"https:\/\/radiostudiow.com.br\/site\/wp-json\/wp\/v2\/tags?post=24661"}],"curies":[{"name":"wp","href":"https:\/\/api.w.org\/{rel}","templated":true}]}}