{"id":24672,"date":"2024-07-15T09:56:40","date_gmt":"2024-07-15T12:56:40","guid":{"rendered":"https:\/\/radiostudiow.com.br\/site\/?p=24672"},"modified":"2025-01-31T14:59:08","modified_gmt":"2025-01-31T17:59:08","slug":"suspeito-foi-preso-apos-ameaca-com-facao-durante-furto-de-celular","status":"publish","type":"post","link":"https:\/\/radiostudiow.com.br\/site\/2024\/07\/15\/suspeito-foi-preso-apos-ameaca-com-facao-durante-furto-de-celular\/","title":{"rendered":"Homem foi preso ap\u00f3s furto de celular e amea\u00e7a de fac\u00e3o em Uni\u00e3o da Vit\u00f3ria"},"content":{"rendered":"\n<p>Ap\u00f3s a den\u00fancia de um suposto furto de celular as autoridades policiais foram acionadas para intervir em uma situa\u00e7\u00e3o tensa na madrugada desta segunda-feira (15).<\/p>\n\n\n\n<p>Segundo relatos, a v\u00edtima, ao tentar recuperar o objeto, foi confrontada com amea\u00e7as por parte do pai do suspeito, que teria utilizado um fac\u00e3o durante o incidente. A ocorr\u00eancia aconteceu no bairro S\u00e3o Bernardo em Uni\u00e3o da Vit\u00f3ria.<\/p>\n\n\n\n<figure class=\"wp-block-image size-full\"><img decoding=\"async\" src=\"https:\/\/radiostudiow.com.br\/site\/wp-content\/uploads\/2024\/04\/SITE-MEDIO.png\" alt=\"\" class=\"wp-image-21854\"\/><\/figure>\n\n\n\n<p>No desdobramento da ocorr\u00eancia, ap\u00f3s consentimento da moradora, uma busca no local n\u00e3o resultou na localiza\u00e7\u00e3o do aparelho.<\/p>\n\n\n\n<p>Durante as dilig\u00eancias, o suspeito que supostamente fez as amea\u00e7as confrontou os policiais, resultando em um confronto que levou \u00e0 sua deten\u00e7\u00e3o.<\/p>\n\n\n\n<p>O fac\u00e3o, supostamente utilizado nas amea\u00e7as, tamb\u00e9m foi apreendido. O indiv\u00edduo detido foi encaminhado \u00e0 delegacia para os procedimentos legais necess\u00e1rios.<\/p>\n","protected":false},"excerpt":{"rendered":"<p>Ap\u00f3s a den\u00fancia de um suposto furto de celular as autoridades policiais foram acionadas para intervir em uma situa\u00e7\u00e3o tensa na madrugada desta segunda-feira (15). Segundo relatos, a v\u00edtima, ao tentar recuperar o objeto, foi confrontada com amea\u00e7as por parte do pai do suspeito, que teria utilizado um fac\u00e3o durante o incidente. A ocorr\u00eancia aconteceu [&hellip;]<\/p>\n","protected":false},"author":2,"featured_media":18052,"comment_status":"open","ping_status":"open","sticky":false,"template":"","format":"standard","meta":{"footnotes":""},"categories":[2],"tags":[172],"class_list":["post-24672","post","type-post","status-publish","format-standard","has-post-thumbnail","hentry","category-policial","tag-featured"],"amp_enabled":true,"_links":{"self":[{"href":"https:\/\/radiostudiow.com.br\/site\/wp-json\/wp\/v2\/posts\/24672","targetHints":{"allow":["GET"]}}],"collection":[{"href":"https:\/\/radiostudiow.com.br\/site\/wp-json\/wp\/v2\/posts"}],"about":[{"href":"https:\/\/radiostudiow.com.br\/site\/wp-json\/wp\/v2\/types\/post"}],"author":[{"embeddable":true,"href":"https:\/\/radiostudiow.com.br\/site\/wp-json\/wp\/v2\/users\/2"}],"replies":[{"embeddable":true,"href":"https:\/\/radiostudiow.com.br\/site\/wp-json\/wp\/v2\/comments?post=24672"}],"version-history":[{"count":5,"href":"https:\/\/radiostudiow.com.br\/site\/wp-json\/wp\/v2\/posts\/24672\/revisions"}],"predecessor-version":[{"id":24700,"href":"https:\/\/radiostudiow.com.br\/site\/wp-json\/wp\/v2\/posts\/24672\/revisions\/24700"}],"wp:featuredmedia":[{"embeddable":true,"href":"https:\/\/radiostudiow.com.br\/site\/wp-json\/wp\/v2\/media\/18052"}],"wp:attachment":[{"href":"https:\/\/radiostudiow.com.br\/site\/wp-json\/wp\/v2\/media?parent=24672"}],"wp:term":[{"taxonomy":"category","embeddable":true,"href":"https:\/\/radiostudiow.com.br\/site\/wp-json\/wp\/v2\/categories?post=24672"},{"taxonomy":"post_tag","embeddable":true,"href":"https:\/\/radiostudiow.com.br\/site\/wp-json\/wp\/v2\/tags?post=24672"}],"curies":[{"name":"wp","href":"https:\/\/api.w.org\/{rel}","templated":true}]}}