{"id":24689,"date":"2024-07-15T11:39:14","date_gmt":"2024-07-15T14:39:14","guid":{"rendered":"https:\/\/radiostudiow.com.br\/site\/?p=24689"},"modified":"2025-01-31T14:59:08","modified_gmt":"2025-01-31T17:59:08","slug":"uniao-da-vitoria-registra-167-mm-de-chuva-em-julho-segundo-simepar","status":"publish","type":"post","link":"https:\/\/radiostudiow.com.br\/site\/2024\/07\/15\/uniao-da-vitoria-registra-167-mm-de-chuva-em-julho-segundo-simepar\/","title":{"rendered":"Uni\u00e3o da Vit\u00f3ria registra 167 mm de chuva em julho, segundo Simepar"},"content":{"rendered":"\n<p>O Simepar divulgou uma tabela parcial sobre os acumulados de chuva do m\u00eas e os dados ainda s\u00e3o preliminares e sujeitos a atualiza\u00e7\u00f5es neste domingo (15).<\/p>\n\n\n\n<figure class=\"wp-block-image size-full\"><img decoding=\"async\" src=\"https:\/\/radiostudiow.com.br\/site\/wp-content\/uploads\/2024\/04\/image-42.png\" alt=\"\" class=\"wp-image-21334\"\/><\/figure>\n\n\n\n<p>Uni\u00e3o da Vit\u00f3ria ocupa a 12\u00aa posi\u00e7\u00e3o na tabela, com um total de 167 mm de chuva at\u00e9 agora.\u00a0Entre quinta-feira, 11, e s\u00e1bado, 13, o munic\u00edpio registrou um volume de 94 mm.<\/p>\n\n\n\n<p>A previs\u00e3o para esta semana indica uma normaliza\u00e7\u00e3o do tempo, com eleva\u00e7\u00e3o das temperaturas a partir de quarta-feira, 17 de julho, e estabilidade at\u00e9 o final do m\u00eas.<\/p>\n\n\n\n<p>A chuva recente alterou a paisagem do Rio Igua\u00e7u em Uni\u00e3o da Vit\u00f3ria. \u00c0s 10h desta segunda-feira, 15, o n\u00edvel do rio estava em\u00a04,79m.\u00a0Entre ter\u00e7a-feira, 9, e segunda-feira, 15, o n\u00edvel do Igua\u00e7u subiu\u00a02,32m.<\/p>\n\n\n\n<figure class=\"wp-block-image size-large\"><img loading=\"lazy\" decoding=\"async\" width=\"1024\" height=\"577\" src=\"https:\/\/radiostudiow.com.br\/site\/wp-content\/uploads\/2024\/07\/image-5-1024x577.png\" alt=\"\" class=\"wp-image-24691\" srcset=\"https:\/\/radiostudiow.com.br\/site\/wp-content\/uploads\/2024\/07\/image-5-1024x577.png 1024w, https:\/\/radiostudiow.com.br\/site\/wp-content\/uploads\/2024\/07\/image-5-300x169.png 300w, https:\/\/radiostudiow.com.br\/site\/wp-content\/uploads\/2024\/07\/image-5-768x433.png 768w, https:\/\/radiostudiow.com.br\/site\/wp-content\/uploads\/2024\/07\/image-5-1536x866.png 1536w, https:\/\/radiostudiow.com.br\/site\/wp-content\/uploads\/2024\/07\/image-5.png 1600w\" sizes=\"auto, (max-width: 1024px) 100vw, 1024px\" \/><\/figure>\n\n\n\n<p><strong>Previs\u00e3o do Tempo<\/strong><\/p>\n\n\n\n<figure class=\"wp-block-image size-full\"><img loading=\"lazy\" decoding=\"async\" width=\"533\" height=\"265\" src=\"https:\/\/radiostudiow.com.br\/site\/wp-content\/uploads\/2024\/07\/image-6.png\" alt=\"\" class=\"wp-image-24692\" srcset=\"https:\/\/radiostudiow.com.br\/site\/wp-content\/uploads\/2024\/07\/image-6.png 533w, https:\/\/radiostudiow.com.br\/site\/wp-content\/uploads\/2024\/07\/image-6-300x149.png 300w\" sizes=\"auto, (max-width: 533px) 100vw, 533px\" \/><\/figure>\n","protected":false},"excerpt":{"rendered":"<p>O Simepar divulgou uma tabela parcial sobre os acumulados de chuva do m\u00eas e os dados ainda s\u00e3o preliminares e sujeitos a atualiza\u00e7\u00f5es neste domingo (15). Uni\u00e3o da Vit\u00f3ria ocupa a 12\u00aa posi\u00e7\u00e3o na tabela, com um total de 167 mm de chuva at\u00e9 agora.\u00a0Entre quinta-feira, 11, e s\u00e1bado, 13, o munic\u00edpio registrou um volume [&hellip;]<\/p>\n","protected":false},"author":2,"featured_media":24690,"comment_status":"open","ping_status":"open","sticky":false,"template":"","format":"standard","meta":{"footnotes":""},"categories":[7],"tags":[172],"class_list":["post-24689","post","type-post","status-publish","format-standard","has-post-thumbnail","hentry","category-geral","tag-featured"],"amp_enabled":true,"_links":{"self":[{"href":"https:\/\/radiostudiow.com.br\/site\/wp-json\/wp\/v2\/posts\/24689","targetHints":{"allow":["GET"]}}],"collection":[{"href":"https:\/\/radiostudiow.com.br\/site\/wp-json\/wp\/v2\/posts"}],"about":[{"href":"https:\/\/radiostudiow.com.br\/site\/wp-json\/wp\/v2\/types\/post"}],"author":[{"embeddable":true,"href":"https:\/\/radiostudiow.com.br\/site\/wp-json\/wp\/v2\/users\/2"}],"replies":[{"embeddable":true,"href":"https:\/\/radiostudiow.com.br\/site\/wp-json\/wp\/v2\/comments?post=24689"}],"version-history":[{"count":3,"href":"https:\/\/radiostudiow.com.br\/site\/wp-json\/wp\/v2\/posts\/24689\/revisions"}],"predecessor-version":[{"id":24706,"href":"https:\/\/radiostudiow.com.br\/site\/wp-json\/wp\/v2\/posts\/24689\/revisions\/24706"}],"wp:featuredmedia":[{"embeddable":true,"href":"https:\/\/radiostudiow.com.br\/site\/wp-json\/wp\/v2\/media\/24690"}],"wp:attachment":[{"href":"https:\/\/radiostudiow.com.br\/site\/wp-json\/wp\/v2\/media?parent=24689"}],"wp:term":[{"taxonomy":"category","embeddable":true,"href":"https:\/\/radiostudiow.com.br\/site\/wp-json\/wp\/v2\/categories?post=24689"},{"taxonomy":"post_tag","embeddable":true,"href":"https:\/\/radiostudiow.com.br\/site\/wp-json\/wp\/v2\/tags?post=24689"}],"curies":[{"name":"wp","href":"https:\/\/api.w.org\/{rel}","templated":true}]}}