{"id":24695,"date":"2024-07-15T11:50:00","date_gmt":"2024-07-15T14:50:00","guid":{"rendered":"https:\/\/radiostudiow.com.br\/site\/?p=24695"},"modified":"2025-01-31T14:59:08","modified_gmt":"2025-01-31T17:59:08","slug":"caixa-libera-abono-do-pis-pasep-para-nascidos-em-setembro-e-outubro","status":"publish","type":"post","link":"https:\/\/radiostudiow.com.br\/site\/2024\/07\/15\/caixa-libera-abono-do-pis-pasep-para-nascidos-em-setembro-e-outubro\/","title":{"rendered":"Caixa libera abono do PIS\/Pasep para nascidos em setembro e outubro"},"content":{"rendered":"\n<p><\/p>\n\n\n\n<p>Cerca de 4,24 milh\u00f5es de trabalhadores com carteira assinada nascidos em setembro e outubro podem sacar, a partir desta segunda-feira (15), o valor do abono salarial do Programa de Integra\u00e7\u00e3o Social (PIS) e do Programa de Forma\u00e7\u00e3o do Patrim\u00f4nio do Servidor P\u00fablico (Pasep) em 2024. A quantia est\u00e1 dispon\u00edvel no aplicativo da Carteira de Trabalho Digital e no Portal Gov.br.<\/p>\n\n\n\n<figure class=\"wp-block-image size-full\"><img decoding=\"async\" src=\"https:\/\/radiostudiow.com.br\/site\/wp-content\/uploads\/2024\/04\/image-45.png\" alt=\"\" class=\"wp-image-21394\"\/><\/figure>\n\n\n\n<p>Ao todo, o governo liberar\u00e1 R$ 4,52 bilh\u00f5es, dos quais R$ 3,9 bilh\u00f5es para o PIS e R$ 620 milh\u00f5es para o Pasep. Aprovado no fim do ano passado, o&nbsp;<a href=\"https:\/\/agenciabrasil.ebc.com.br\/economia\/noticia\/2023-12\/pispasep-2024-comeca-ser-pago-em-15-de-fevereiro\" target=\"_blank\" rel=\"noreferrer noopener\">calend\u00e1rio de libera\u00e7\u00f5es&nbsp;<\/a>segue o m\u00eas de nascimento do trabalhador, no caso do PIS, ou o n\u00famero final de inscri\u00e7\u00e3o do Pasep. Os pagamentos ocorrem de 15 de fevereiro a 15 de agosto.<\/p>\n\n\n\n<p>Neste m\u00eas, o pagamento continua a ser antecipado aos trabalhadores do Rio Grande do Sul nascidos de setembro a dezembro que regularizaram a situa\u00e7\u00e3o ap\u00f3s 15 de maio. Ser\u00e3o beneficiados 5.426 trabalhadores com recursos de cerca de R$ 5,67 milh\u00f5es. Em maio e junho, cerca de 760 mil trabalhadores do estado, afetado pelas enchentes do fim de abril e do m\u00eas de maio, tiveram o pagamento antecipado.<\/p>\n\n\n\n<figure class=\"wp-block-image size-full\"><img loading=\"lazy\" decoding=\"async\" width=\"590\" height=\"204\" src=\"https:\/\/radiostudiow.com.br\/site\/wp-content\/uploads\/2024\/04\/image-27.png\" alt=\"\" class=\"wp-image-21280\" srcset=\"https:\/\/radiostudiow.com.br\/site\/wp-content\/uploads\/2024\/04\/image-27.png 590w, https:\/\/radiostudiow.com.br\/site\/wp-content\/uploads\/2024\/04\/image-27-300x104.png 300w\" sizes=\"auto, (max-width: 590px) 100vw, 590px\" \/><\/figure>\n\n\n\n<p>Neste ano, cerca de R$ 27 bilh\u00f5es poder\u00e3o ser sacados. Segundo o Conselho Deliberativo do Fundo de Amparo ao Trabalhador (Codefat), o abono salarial de 2024 ser\u00e1 pago a 24,87 milh\u00f5es de trabalhadores em todo o pa\u00eds. Desse total, 21,98 milh\u00f5es trabalham na iniciativa privada e receber\u00e3o o abono do PIS e 2,89 milh\u00f5es de servidores p\u00fablicos, empregados de estatais e militares t\u00eam direito ao Pasep.<\/p>\n\n\n\n<p>O PIS \u00e9 pago pela Caixa Econ\u00f4mica Federal; e o Pasep, pelo Banco do Brasil. Como ocorre tradicionalmente, os pagamentos ser\u00e3o divididos em seis lotes, baseados no m\u00eas de nascimento, no caso do PIS, e no n\u00famero final de inscri\u00e7\u00e3o, no caso do Pasep. Os saques come\u00e7am nas datas de libera\u00e7\u00e3o dos lotes e acabam em 27 de dezembro de 2024. Ap\u00f3s esse prazo, ser\u00e1 necess\u00e1rio aguardar convoca\u00e7\u00e3o especial do Minist\u00e9rio do Trabalho e Previd\u00eancia.<\/p>\n\n\n\n<figure class=\"wp-block-image size-full\"><img loading=\"lazy\" decoding=\"async\" width=\"754\" height=\"680\" src=\"https:\/\/radiostudiow.com.br\/site\/wp-content\/uploads\/2024\/07\/94f4779b-0847-440a-80b5-c0a31b32f151.jpeg\" alt=\"\" class=\"wp-image-24709\" srcset=\"https:\/\/radiostudiow.com.br\/site\/wp-content\/uploads\/2024\/07\/94f4779b-0847-440a-80b5-c0a31b32f151.jpeg 754w, https:\/\/radiostudiow.com.br\/site\/wp-content\/uploads\/2024\/07\/94f4779b-0847-440a-80b5-c0a31b32f151-300x271.jpeg 300w\" sizes=\"auto, (max-width: 754px) 100vw, 754px\" \/><\/figure>\n","protected":false},"excerpt":{"rendered":"<p>Cerca de 4,24 milh\u00f5es de trabalhadores com carteira assinada nascidos em setembro e outubro podem sacar, a partir desta segunda-feira (15), o valor do abono salarial do Programa de Integra\u00e7\u00e3o Social (PIS) e do Programa de Forma\u00e7\u00e3o do Patrim\u00f4nio do Servidor P\u00fablico (Pasep) em 2024. A quantia est\u00e1 dispon\u00edvel no aplicativo da Carteira de Trabalho [&hellip;]<\/p>\n","protected":false},"author":2,"featured_media":24708,"comment_status":"open","ping_status":"open","sticky":false,"template":"","format":"standard","meta":{"footnotes":""},"categories":[7],"tags":[172],"class_list":["post-24695","post","type-post","status-publish","format-standard","has-post-thumbnail","hentry","category-geral","tag-featured"],"amp_enabled":true,"_links":{"self":[{"href":"https:\/\/radiostudiow.com.br\/site\/wp-json\/wp\/v2\/posts\/24695","targetHints":{"allow":["GET"]}}],"collection":[{"href":"https:\/\/radiostudiow.com.br\/site\/wp-json\/wp\/v2\/posts"}],"about":[{"href":"https:\/\/radiostudiow.com.br\/site\/wp-json\/wp\/v2\/types\/post"}],"author":[{"embeddable":true,"href":"https:\/\/radiostudiow.com.br\/site\/wp-json\/wp\/v2\/users\/2"}],"replies":[{"embeddable":true,"href":"https:\/\/radiostudiow.com.br\/site\/wp-json\/wp\/v2\/comments?post=24695"}],"version-history":[{"count":4,"href":"https:\/\/radiostudiow.com.br\/site\/wp-json\/wp\/v2\/posts\/24695\/revisions"}],"predecessor-version":[{"id":24712,"href":"https:\/\/radiostudiow.com.br\/site\/wp-json\/wp\/v2\/posts\/24695\/revisions\/24712"}],"wp:featuredmedia":[{"embeddable":true,"href":"https:\/\/radiostudiow.com.br\/site\/wp-json\/wp\/v2\/media\/24708"}],"wp:attachment":[{"href":"https:\/\/radiostudiow.com.br\/site\/wp-json\/wp\/v2\/media?parent=24695"}],"wp:term":[{"taxonomy":"category","embeddable":true,"href":"https:\/\/radiostudiow.com.br\/site\/wp-json\/wp\/v2\/categories?post=24695"},{"taxonomy":"post_tag","embeddable":true,"href":"https:\/\/radiostudiow.com.br\/site\/wp-json\/wp\/v2\/tags?post=24695"}],"curies":[{"name":"wp","href":"https:\/\/api.w.org\/{rel}","templated":true}]}}