{"id":24759,"date":"2024-07-16T10:08:39","date_gmt":"2024-07-16T13:08:39","guid":{"rendered":"https:\/\/radiostudiow.com.br\/site\/?p=24759"},"modified":"2025-01-31T14:59:08","modified_gmt":"2025-01-31T17:59:08","slug":"colisao-entre-caminhoes-deixa-dois-feridos-em-porto-uniao","status":"publish","type":"post","link":"https:\/\/radiostudiow.com.br\/site\/2024\/07\/16\/colisao-entre-caminhoes-deixa-dois-feridos-em-porto-uniao\/","title":{"rendered":"Colis\u00e3o entre caminh\u00f5es deixa dois feridos em Porto Uni\u00e3o"},"content":{"rendered":"\n<p>A equipe do Corpo de Bombeiros de Porto Uni\u00e3o foi chamado para atender a um acidente na BR-280, pr\u00f3ximo da Lan\u00e7a.\u00a0O incidente, classificado como colis\u00e3o lateral, envolveu dois caminh\u00f5es por volta das 17:20 horas desta segunda-feira (15). <\/p>\n\n\n\n<figure class=\"wp-block-image size-full\"><img loading=\"lazy\" decoding=\"async\" width=\"897\" height=\"204\" src=\"https:\/\/radiostudiow.com.br\/site\/wp-content\/uploads\/2024\/04\/image-37.png\" alt=\"\" class=\"wp-image-21305\" srcset=\"https:\/\/radiostudiow.com.br\/site\/wp-content\/uploads\/2024\/04\/image-37.png 897w, https:\/\/radiostudiow.com.br\/site\/wp-content\/uploads\/2024\/04\/image-37-300x68.png 300w, https:\/\/radiostudiow.com.br\/site\/wp-content\/uploads\/2024\/04\/image-37-768x175.png 768w\" sizes=\"auto, (max-width: 897px) 100vw, 897px\" \/><\/figure>\n\n\n\n<p>Os envolvidos no acidente foram o condutor, um homem de 25 anos, e um passageiro de 26 anos, ambos sofrendo ferimentos leves. Ap\u00f3s receberem atendimento no local, foram encaminhados para cuidados m\u00e9dicos no Hospital S\u00e3o Braz, onde receberam os cuidados necess\u00e1rios.<\/p>\n\n\n\n<figure class=\"wp-block-image size-full\"><img loading=\"lazy\" decoding=\"async\" width=\"512\" height=\"640\" src=\"https:\/\/radiostudiow.com.br\/site\/wp-content\/uploads\/2024\/07\/WhatsApp-Image-2024-07-16-at-06.45.23.jpeg\" alt=\"\" class=\"wp-image-24761\" srcset=\"https:\/\/radiostudiow.com.br\/site\/wp-content\/uploads\/2024\/07\/WhatsApp-Image-2024-07-16-at-06.45.23.jpeg 512w, https:\/\/radiostudiow.com.br\/site\/wp-content\/uploads\/2024\/07\/WhatsApp-Image-2024-07-16-at-06.45.23-240x300.jpeg 240w\" sizes=\"auto, (max-width: 512px) 100vw, 512px\" \/><\/figure>\n","protected":false},"excerpt":{"rendered":"<p>A equipe do Corpo de Bombeiros de Porto Uni\u00e3o foi chamado para atender a um acidente na BR-280, pr\u00f3ximo da Lan\u00e7a.\u00a0O incidente, classificado como colis\u00e3o lateral, envolveu dois caminh\u00f5es por volta das 17:20 horas desta segunda-feira (15). Os envolvidos no acidente foram o condutor, um homem de 25 anos, e um passageiro de 26 anos, [&hellip;]<\/p>\n","protected":false},"author":2,"featured_media":24760,"comment_status":"open","ping_status":"open","sticky":false,"template":"","format":"standard","meta":{"footnotes":""},"categories":[185],"tags":[172],"class_list":["post-24759","post","type-post","status-publish","format-standard","has-post-thumbnail","hentry","category-regional","tag-featured"],"amp_enabled":true,"_links":{"self":[{"href":"https:\/\/radiostudiow.com.br\/site\/wp-json\/wp\/v2\/posts\/24759","targetHints":{"allow":["GET"]}}],"collection":[{"href":"https:\/\/radiostudiow.com.br\/site\/wp-json\/wp\/v2\/posts"}],"about":[{"href":"https:\/\/radiostudiow.com.br\/site\/wp-json\/wp\/v2\/types\/post"}],"author":[{"embeddable":true,"href":"https:\/\/radiostudiow.com.br\/site\/wp-json\/wp\/v2\/users\/2"}],"replies":[{"embeddable":true,"href":"https:\/\/radiostudiow.com.br\/site\/wp-json\/wp\/v2\/comments?post=24759"}],"version-history":[{"count":2,"href":"https:\/\/radiostudiow.com.br\/site\/wp-json\/wp\/v2\/posts\/24759\/revisions"}],"predecessor-version":[{"id":24772,"href":"https:\/\/radiostudiow.com.br\/site\/wp-json\/wp\/v2\/posts\/24759\/revisions\/24772"}],"wp:featuredmedia":[{"embeddable":true,"href":"https:\/\/radiostudiow.com.br\/site\/wp-json\/wp\/v2\/media\/24760"}],"wp:attachment":[{"href":"https:\/\/radiostudiow.com.br\/site\/wp-json\/wp\/v2\/media?parent=24759"}],"wp:term":[{"taxonomy":"category","embeddable":true,"href":"https:\/\/radiostudiow.com.br\/site\/wp-json\/wp\/v2\/categories?post=24759"},{"taxonomy":"post_tag","embeddable":true,"href":"https:\/\/radiostudiow.com.br\/site\/wp-json\/wp\/v2\/tags?post=24759"}],"curies":[{"name":"wp","href":"https:\/\/api.w.org\/{rel}","templated":true}]}}