{"id":24766,"date":"2024-07-16T10:18:13","date_gmt":"2024-07-16T13:18:13","guid":{"rendered":"https:\/\/radiostudiow.com.br\/site\/?p=24766"},"modified":"2025-01-31T14:59:08","modified_gmt":"2025-01-31T17:59:08","slug":"familiares-buscam-informacoes-de-ordilei-dos-santos-desaparecido-em-bituruna","status":"publish","type":"post","link":"https:\/\/radiostudiow.com.br\/site\/2024\/07\/16\/familiares-buscam-informacoes-de-ordilei-dos-santos-desaparecido-em-bituruna\/","title":{"rendered":"Familiares buscam informa\u00e7\u00f5es de Ordilei dos Santos, desaparecido em Bituruna"},"content":{"rendered":"\n<p>Familiares est\u00e3o em busca de informa\u00e7\u00f5es sobre o paradeiro de\u00a0Ordilei dos Santos, de 46 anos, que est\u00e1 desaparecido desde a manh\u00e3 de s\u00e1bado, 6 de julho.<\/p>\n\n\n\n<p>Segundo sua esposa, Mara Lucia Lemos, o \u00faltimo contato com Ordilei foi quando ele estava trabalhando em um s\u00edtio pr\u00f3ximo a Bituruna.<\/p>\n\n\n\n<figure class=\"wp-block-image size-full\"><img loading=\"lazy\" decoding=\"async\" width=\"590\" height=\"204\" src=\"https:\/\/radiostudiow.com.br\/site\/wp-content\/uploads\/2024\/04\/image-9.png\" alt=\"\" class=\"wp-image-21181\" srcset=\"https:\/\/radiostudiow.com.br\/site\/wp-content\/uploads\/2024\/04\/image-9.png 590w, https:\/\/radiostudiow.com.br\/site\/wp-content\/uploads\/2024\/04\/image-9-300x104.png 300w\" sizes=\"auto, (max-width: 590px) 100vw, 590px\" \/><\/figure>\n\n\n\n<p>Mara Lucia relatou que seu marido mencionou estar morando no local com um colega e a m\u00e3e dele, uma senhora de 72 anos, cujos nomes n\u00e3o foram revelados.<\/p>\n\n\n\n<p>Desde ent\u00e3o, o telefone de Ordilei est\u00e1 desligado, e todas as tentativas de contato, inclusive atrav\u00e9s de redes sociais, n\u00e3o tiveram sucesso.\u00a0<strong><em>\u201cEle nunca ficou tanto tempo com o celular desligado\u201d,\u00a0disse Mara Lucia.<\/em><\/strong><\/p>\n\n\n\n<p>A preocupa\u00e7\u00e3o tamb\u00e9m \u00e9 compartilhada pela m\u00e3e de Ordilei, uma senhora de 82 anos. Ambas as mulheres est\u00e3o desesperadas pela falta de not\u00edcias.<strong>\u00a0<em>\u201cEstamos desesperados, ele nunca fez isso\u201d, desabafou a Mara.<\/em><\/strong><\/p>\n\n\n\n<p>Qualquer informa\u00e7\u00e3o sobre o paradeiro de Ordilei dos Santos pode ser comunicada \u00e0s autoridades locais ou diretamente \u00e0 fam\u00edlia.<\/p>\n\n\n\n<p><strong>Conta esposa de Odirlei: (17) 9 9123 \u2013 3003<\/strong><\/p>\n\n\n\n<figure class=\"wp-block-image size-full\"><img decoding=\"async\" src=\"https:\/\/radiostudiow.com.br\/site\/wp-content\/uploads\/2024\/04\/image-45.png\" alt=\"\" class=\"wp-image-21394\"\/><\/figure>\n\n\n\n<figure class=\"wp-block-image size-large\"><img loading=\"lazy\" decoding=\"async\" width=\"656\" height=\"1024\" src=\"https:\/\/radiostudiow.com.br\/site\/wp-content\/uploads\/2024\/07\/image-8-656x1024.png\" alt=\"\" class=\"wp-image-24768\" srcset=\"https:\/\/radiostudiow.com.br\/site\/wp-content\/uploads\/2024\/07\/image-8-656x1024.png 656w, https:\/\/radiostudiow.com.br\/site\/wp-content\/uploads\/2024\/07\/image-8-192x300.png 192w, https:\/\/radiostudiow.com.br\/site\/wp-content\/uploads\/2024\/07\/image-8.png 713w\" sizes=\"auto, (max-width: 656px) 100vw, 656px\" \/><figcaption class=\"wp-element-caption\">Ordilei dos Santos tem 46 anos<\/figcaption><\/figure>\n","protected":false},"excerpt":{"rendered":"<p>Familiares est\u00e3o em busca de informa\u00e7\u00f5es sobre o paradeiro de\u00a0Ordilei dos Santos, de 46 anos, que est\u00e1 desaparecido desde a manh\u00e3 de s\u00e1bado, 6 de julho. Segundo sua esposa, Mara Lucia Lemos, o \u00faltimo contato com Ordilei foi quando ele estava trabalhando em um s\u00edtio pr\u00f3ximo a Bituruna. Mara Lucia relatou que seu marido mencionou [&hellip;]<\/p>\n","protected":false},"author":2,"featured_media":24767,"comment_status":"open","ping_status":"open","sticky":false,"template":"","format":"standard","meta":{"footnotes":""},"categories":[185],"tags":[172],"class_list":["post-24766","post","type-post","status-publish","format-standard","has-post-thumbnail","hentry","category-regional","tag-featured"],"amp_enabled":true,"_links":{"self":[{"href":"https:\/\/radiostudiow.com.br\/site\/wp-json\/wp\/v2\/posts\/24766","targetHints":{"allow":["GET"]}}],"collection":[{"href":"https:\/\/radiostudiow.com.br\/site\/wp-json\/wp\/v2\/posts"}],"about":[{"href":"https:\/\/radiostudiow.com.br\/site\/wp-json\/wp\/v2\/types\/post"}],"author":[{"embeddable":true,"href":"https:\/\/radiostudiow.com.br\/site\/wp-json\/wp\/v2\/users\/2"}],"replies":[{"embeddable":true,"href":"https:\/\/radiostudiow.com.br\/site\/wp-json\/wp\/v2\/comments?post=24766"}],"version-history":[{"count":2,"href":"https:\/\/radiostudiow.com.br\/site\/wp-json\/wp\/v2\/posts\/24766\/revisions"}],"predecessor-version":[{"id":24775,"href":"https:\/\/radiostudiow.com.br\/site\/wp-json\/wp\/v2\/posts\/24766\/revisions\/24775"}],"wp:featuredmedia":[{"embeddable":true,"href":"https:\/\/radiostudiow.com.br\/site\/wp-json\/wp\/v2\/media\/24767"}],"wp:attachment":[{"href":"https:\/\/radiostudiow.com.br\/site\/wp-json\/wp\/v2\/media?parent=24766"}],"wp:term":[{"taxonomy":"category","embeddable":true,"href":"https:\/\/radiostudiow.com.br\/site\/wp-json\/wp\/v2\/categories?post=24766"},{"taxonomy":"post_tag","embeddable":true,"href":"https:\/\/radiostudiow.com.br\/site\/wp-json\/wp\/v2\/tags?post=24766"}],"curies":[{"name":"wp","href":"https:\/\/api.w.org\/{rel}","templated":true}]}}