{"id":2478,"date":"2021-06-16T11:20:00","date_gmt":"2021-06-16T14:20:00","guid":{"rendered":"https:\/\/radiostudiow.com.br\/site\/?p=2478"},"modified":"2025-01-15T11:49:30","modified_gmt":"2025-01-15T14:49:30","slug":"pm-de-mallet-e-acionada-apos-homem-em-tratamento-medico-fugir-de-hospital","status":"publish","type":"post","link":"https:\/\/radiostudiow.com.br\/site\/2021\/06\/16\/pm-de-mallet-e-acionada-apos-homem-em-tratamento-medico-fugir-de-hospital\/","title":{"rendered":"PM DE MALLET \u00c9 ACIONADA AP\u00d3S HOMEM EM TRATAMENTO M\u00c9DICO FUGIR DO HOSPITAL"},"content":{"rendered":"\n<p>A equipe da Pol\u00edcia Militar de Mallet recebeu uma liga\u00e7\u00e3o da equipe m\u00e9dica do Hospital S\u00e3o Pedro, informando que um paciente que estava fazendo tratamento de alcoolismo havia fugido do hospital nesta ter\u00e7a \u2013 feira (15).<\/p>\n\n\n\n<p>De imediato os policiais se deslocaram at\u00e9 o local e abordaram o indiv\u00edduo, o qual foi convencido em retornar ao hospital para continuar o seu tratamento.<\/p>\n\n\n\n<p>A situa\u00e7\u00e3o obteve o acompanhamento da Psic\u00f3loga Municipal al\u00e9m de agentes da vigil\u00e2ncia sanit\u00e1ria.<\/p>\n\n\n\n<figure class=\"wp-block-image size-large\"><img decoding=\"async\" src=\"https:\/\/radiostudiow.com.br\/site\/wp-content\/uploads\/2021\/06\/IMOB-SUL.jpg\" alt=\"\" class=\"wp-image-2424\"\/><\/figure>\n","protected":false},"excerpt":{"rendered":"<p>A equipe da Pol\u00edcia Militar de Mallet recebeu uma liga\u00e7\u00e3o da equipe m\u00e9dica do Hospital S\u00e3o Pedro, informando que um paciente que estava fazendo tratamento de alcoolismo havia fugido do hospital nesta ter\u00e7a \u2013 feira (15). De imediato os policiais se deslocaram at\u00e9 o local e abordaram o indiv\u00edduo, o qual foi convencido em retornar [&hellip;]<\/p>\n","protected":false},"author":2,"featured_media":1298,"comment_status":"open","ping_status":"open","sticky":false,"template":"","format":"standard","meta":{"footnotes":""},"categories":[2],"tags":[172],"class_list":["post-2478","post","type-post","status-publish","format-standard","has-post-thumbnail","hentry","category-policial","tag-featured"],"amp_enabled":true,"_links":{"self":[{"href":"https:\/\/radiostudiow.com.br\/site\/wp-json\/wp\/v2\/posts\/2478","targetHints":{"allow":["GET"]}}],"collection":[{"href":"https:\/\/radiostudiow.com.br\/site\/wp-json\/wp\/v2\/posts"}],"about":[{"href":"https:\/\/radiostudiow.com.br\/site\/wp-json\/wp\/v2\/types\/post"}],"author":[{"embeddable":true,"href":"https:\/\/radiostudiow.com.br\/site\/wp-json\/wp\/v2\/users\/2"}],"replies":[{"embeddable":true,"href":"https:\/\/radiostudiow.com.br\/site\/wp-json\/wp\/v2\/comments?post=2478"}],"version-history":[{"count":2,"href":"https:\/\/radiostudiow.com.br\/site\/wp-json\/wp\/v2\/posts\/2478\/revisions"}],"predecessor-version":[{"id":2481,"href":"https:\/\/radiostudiow.com.br\/site\/wp-json\/wp\/v2\/posts\/2478\/revisions\/2481"}],"wp:featuredmedia":[{"embeddable":true,"href":"https:\/\/radiostudiow.com.br\/site\/wp-json\/wp\/v2\/media\/1298"}],"wp:attachment":[{"href":"https:\/\/radiostudiow.com.br\/site\/wp-json\/wp\/v2\/media?parent=2478"}],"wp:term":[{"taxonomy":"category","embeddable":true,"href":"https:\/\/radiostudiow.com.br\/site\/wp-json\/wp\/v2\/categories?post=2478"},{"taxonomy":"post_tag","embeddable":true,"href":"https:\/\/radiostudiow.com.br\/site\/wp-json\/wp\/v2\/tags?post=2478"}],"curies":[{"name":"wp","href":"https:\/\/api.w.org\/{rel}","templated":true}]}}