{"id":24789,"date":"2024-07-17T09:47:11","date_gmt":"2024-07-17T12:47:11","guid":{"rendered":"https:\/\/radiostudiow.com.br\/site\/?p=24789"},"modified":"2025-01-31T14:59:07","modified_gmt":"2025-01-31T17:59:07","slug":"bicicletas-movidas-a-combustao-devem-ter-registro-e-habilitacao-diz-policia-militar","status":"publish","type":"post","link":"https:\/\/radiostudiow.com.br\/site\/2024\/07\/17\/bicicletas-movidas-a-combustao-devem-ter-registro-e-habilitacao-diz-policia-militar\/","title":{"rendered":"Bicicletas movidas a combust\u00e3o devem ter registro e habilita\u00e7\u00e3o, diz Pol\u00edcia Militar"},"content":{"rendered":"\n<p>A Pol\u00edcia Militar de S\u00e3o Mateus do Sul informou em um comunicado enviado ao\u00a0Portal RDX\u00a0na tarde desta segunda-feira (15),\u00a0que o uso de bicicletas motorizadas em via p\u00fablica exige habilita\u00e7\u00e3o e registro, e que na pr\u00e1tica,\u00a0as bicicletas s\u00e3o vistas como motos adulteradas, e em caso de um policial visualizar,\u00a0poder\u00e1 fazer o recolhimento ao p\u00e1tio. Al\u00e9m disso, as bicicletas motorizadas emitiam ru\u00eddos de escapamentos adulterados ou irregulares,\u00a0infringindo o C\u00f3digo de Tr\u00e2nsito Brasileiro (CTB) ao causar polui\u00e7\u00e3o sonora e riscos \u00e0 sa\u00fade auditiva.<\/p>\n\n\n\n<figure class=\"wp-block-image size-full\"><img loading=\"lazy\" decoding=\"async\" width=\"897\" height=\"204\" src=\"https:\/\/radiostudiow.com.br\/site\/wp-content\/uploads\/2024\/04\/image-51.png\" alt=\"\" class=\"wp-image-21370\" srcset=\"https:\/\/radiostudiow.com.br\/site\/wp-content\/uploads\/2024\/04\/image-51.png 897w, https:\/\/radiostudiow.com.br\/site\/wp-content\/uploads\/2024\/04\/image-51-300x68.png 300w, https:\/\/radiostudiow.com.br\/site\/wp-content\/uploads\/2024\/04\/image-51-768x175.png 768w\" sizes=\"auto, (max-width: 897px) 100vw, 897px\" \/><\/figure>\n\n\n\n<p>A nota foi enviada \u00e0\u00a0RDX\u00a0<a href=\"https:\/\/portalrdx.com.br\/15\/07\/2024\/video-adolescentes-sao-flagrados-apostando-corrida-com-bicicletas-motorizadas-na-avenida-ozy-mendonca-de-lima\/\">ap\u00f3s o flagra de manobras perigosas feitas por um grupo de adolescentes<\/a>\u00a0na Avenida Ozy Mendon\u00e7a de Lima, na sa\u00edda para S\u00e3o Jo\u00e3o do Triunfo, na manh\u00e3 do \u00faltimo domingo (14). O local geralmente possui um intenso fluxo de ve\u00edculos, inclusive de caminh\u00f5es e carretas que trafegam no sentido \u00e0 PR-151, situa\u00e7\u00e3o que coloca em risco de um poss\u00edvel atropelamento ou queda envolvendo os ciclistas.<\/p>\n\n\n\n<p>Confira abaixo o comunicado emitido pela Pol\u00edcia Militar sobre a utiliza\u00e7\u00e3o de bicicletas motorizadas.<\/p>\n\n\n\n<p><em>O uso de motores a combust\u00e3o em bicicletas \u00e9 necess\u00e1rio habilita\u00e7\u00e3o e registro. Na pr\u00e1tica, essas bicicletas s\u00e3o como motos adulteradas. Se a viatura policial visualizar, far\u00e1 o recolhimento para o p\u00e1tio.<\/em><\/p>\n\n\n\n<h2 class=\"wp-block-heading\">Quais s\u00e3o as regras para uso de bicicletas movidas a gasolina?<\/h2>\n\n\n\n<p>Ve\u00edculo motorizado a combust\u00e3o interna precisa obedecer algumas especifica\u00e7\u00f5es, como ter um projeto assinado engenheiro respons\u00e1vel; dependendo da pot\u00eancia do ve\u00edculo, condutor precisa de habilita\u00e7\u00e3o.<\/p>\n\n\n\n<p>De acordo com a Resolu\u00e7\u00e3o n\u00ba 669 do Conselho Nacional de Tr\u00e2nsito (Contran), todo ve\u00edculo artesanal deve ter um projeto t\u00e9cnico assinado por engenheiro respons\u00e1vel t\u00e9cnico, com forma\u00e7\u00e3o ou habilita\u00e7\u00e3o na \u00e1rea mec\u00e2nica, conforme regulamenta\u00e7\u00e3o do respectivo Conselho Regional de Engenharia e Agronomia (Crea) e nos termos das Resolu\u00e7\u00f5es do Conselho Federal de Engenharia e Agronomia (Confea).<\/p>\n\n\n\n<p>Al\u00e9m disso, para conduzir bicicletas motorizadas em vias p\u00fablicas \u00e9 necess\u00e1rio ter mais de 18 anos e ter a habilita\u00e7\u00e3o correspondente a esse ve\u00edculo, que pode ser a Autoriza\u00e7\u00e3o para Conduzir Ciclomotores (ACC) ou a categoria A da Carteira Nacional de Habilita\u00e7\u00e3o (CNH).<\/p>\n\n\n\n<figure class=\"wp-block-image size-full\"><img loading=\"lazy\" decoding=\"async\" width=\"598\" height=\"204\" src=\"https:\/\/radiostudiow.com.br\/site\/wp-content\/uploads\/2024\/04\/image-23.png\" alt=\"\" class=\"wp-image-21221\" srcset=\"https:\/\/radiostudiow.com.br\/site\/wp-content\/uploads\/2024\/04\/image-23.png 598w, https:\/\/radiostudiow.com.br\/site\/wp-content\/uploads\/2024\/04\/image-23-300x102.png 300w\" sizes=\"auto, (max-width: 598px) 100vw, 598px\" \/><\/figure>\n\n\n\n<h2 class=\"wp-block-heading\">Habilita\u00e7\u00e3o&nbsp;<\/h2>\n\n\n\n<p>De acordo com a Resolu\u00e7\u00e3o 996 do Contran aprovada em 2023, veiculos com motor de combust\u00e3o interna cuja cilindrada n\u00e3o exceda a 50 cm\u00b3, limitados a uma velocidade m\u00e1xima de 50 km\/h, agora s\u00e3o equiparados a ciclomotores.&nbsp;<\/p>\n\n\n\n<p>Nesse caso, os propriet\u00e1rios de bikes motorizadas que se enquadram nessa regra precisam ter mais de 18 anos e habilita\u00e7\u00e3o correspondente, que pode ser a Autoriza\u00e7\u00e3o para Conduzir Ciclomotores (ACC) ou a categoria A da Carteira Nacional de Habilita\u00e7\u00e3o (CNH).&nbsp;<\/p>\n\n\n\n<h2 class=\"wp-block-heading\">Registro e licenciamento<\/h2>\n\n\n\n<p>Al\u00e9m disso, de acordo com os artigos 120 e 130 do&nbsp;<a href=\"https:\/\/www.ctbdigital.com.br\/\" target=\"_blank\" rel=\"noreferrer noopener\">C\u00f3digo de Tr\u00e2nsito Brasileiro<\/a>&nbsp;(CTB), todo ve\u00edculo automotor, articulado, reboque ou semirreboque deve ser registrado e licenciado perante o \u00f3rg\u00e3o de tr\u00e2nsito. Portanto, a bike motorizada pode, dependendo de sua pot\u00eancia, ser equiparada a um ciclomotor.<\/p>\n\n\n\n<p>Fonte: <a href=\"https:\/\/portalrdx.com.br\/\" data-type=\"link\" data-id=\"https:\/\/portalrdx.com.br\/\">RDX<\/a><\/p>\n","protected":false},"excerpt":{"rendered":"<p>A Pol\u00edcia Militar de S\u00e3o Mateus do Sul informou em um comunicado enviado ao\u00a0Portal RDX\u00a0na tarde desta segunda-feira (15),\u00a0que o uso de bicicletas motorizadas em via p\u00fablica exige habilita\u00e7\u00e3o e registro, e que na pr\u00e1tica,\u00a0as bicicletas s\u00e3o vistas como motos adulteradas, e em caso de um policial visualizar,\u00a0poder\u00e1 fazer o recolhimento ao p\u00e1tio. Al\u00e9m disso, [&hellip;]<\/p>\n","protected":false},"author":2,"featured_media":24791,"comment_status":"open","ping_status":"open","sticky":false,"template":"","format":"standard","meta":{"footnotes":""},"categories":[7],"tags":[172],"class_list":["post-24789","post","type-post","status-publish","format-standard","has-post-thumbnail","hentry","category-geral","tag-featured"],"amp_enabled":true,"_links":{"self":[{"href":"https:\/\/radiostudiow.com.br\/site\/wp-json\/wp\/v2\/posts\/24789","targetHints":{"allow":["GET"]}}],"collection":[{"href":"https:\/\/radiostudiow.com.br\/site\/wp-json\/wp\/v2\/posts"}],"about":[{"href":"https:\/\/radiostudiow.com.br\/site\/wp-json\/wp\/v2\/types\/post"}],"author":[{"embeddable":true,"href":"https:\/\/radiostudiow.com.br\/site\/wp-json\/wp\/v2\/users\/2"}],"replies":[{"embeddable":true,"href":"https:\/\/radiostudiow.com.br\/site\/wp-json\/wp\/v2\/comments?post=24789"}],"version-history":[{"count":2,"href":"https:\/\/radiostudiow.com.br\/site\/wp-json\/wp\/v2\/posts\/24789\/revisions"}],"predecessor-version":[{"id":24817,"href":"https:\/\/radiostudiow.com.br\/site\/wp-json\/wp\/v2\/posts\/24789\/revisions\/24817"}],"wp:featuredmedia":[{"embeddable":true,"href":"https:\/\/radiostudiow.com.br\/site\/wp-json\/wp\/v2\/media\/24791"}],"wp:attachment":[{"href":"https:\/\/radiostudiow.com.br\/site\/wp-json\/wp\/v2\/media?parent=24789"}],"wp:term":[{"taxonomy":"category","embeddable":true,"href":"https:\/\/radiostudiow.com.br\/site\/wp-json\/wp\/v2\/categories?post=24789"},{"taxonomy":"post_tag","embeddable":true,"href":"https:\/\/radiostudiow.com.br\/site\/wp-json\/wp\/v2\/tags?post=24789"}],"curies":[{"name":"wp","href":"https:\/\/api.w.org\/{rel}","templated":true}]}}