{"id":24795,"date":"2024-07-16T11:14:27","date_gmt":"2024-07-16T14:14:27","guid":{"rendered":"https:\/\/radiostudiow.com.br\/site\/?p=24795"},"modified":"2025-01-31T14:59:08","modified_gmt":"2025-01-31T17:59:08","slug":"a-partir-de-quando-os-partidos-politicos-podem-registrar-as-candidaturas","status":"publish","type":"post","link":"https:\/\/radiostudiow.com.br\/site\/2024\/07\/16\/a-partir-de-quando-os-partidos-politicos-podem-registrar-as-candidaturas\/","title":{"rendered":"A partir de quando os partidos pol\u00edticos podem registrar as candidaturas?"},"content":{"rendered":"\n<p>De acordo com o\u00a0<a href=\"https:\/\/www.tse.jus.br\/eleicoes\/calendario-eleitoral\/calendario-eleitoral\" target=\"_blank\" rel=\"noreferrer noopener\"><strong>calend\u00e1rio<\/strong><\/a>\u00a0das Elei\u00e7\u00f5es Municipais de 2024,\u00a0o dia 15 de agosto \u00e9 a data final\u00a0para que os partidos pol\u00edticos, as federa\u00e7\u00f5es e as coliga\u00e7\u00f5es apresentem \u00e0 Justi\u00e7a Eleitoral o requerimento de registro de candidatas e candidatos aos cargos de prefeito, de vice-prefeito e de vereador.<\/p>\n\n\n\n<figure class=\"wp-block-image size-full\"><img loading=\"lazy\" decoding=\"async\" width=\"900\" height=\"408\" src=\"https:\/\/radiostudiow.com.br\/site\/wp-content\/uploads\/2024\/04\/image-21.png\" alt=\"\" class=\"wp-image-21214\" srcset=\"https:\/\/radiostudiow.com.br\/site\/wp-content\/uploads\/2024\/04\/image-21.png 900w, https:\/\/radiostudiow.com.br\/site\/wp-content\/uploads\/2024\/04\/image-21-300x136.png 300w, https:\/\/radiostudiow.com.br\/site\/wp-content\/uploads\/2024\/04\/image-21-768x348.png 768w\" sizes=\"auto, (max-width: 900px) 100vw, 900px\" \/><\/figure>\n\n\n\n<p>O pedido deve ser feito perante o respectivo ju\u00edzo eleitoral da circunscri\u00e7\u00e3o na qual a candidata ou o candidato pretende disputar o pleito.&nbsp;Mesmo no feriado municipal de 15 de agosto em S\u00e3o Mateus do Sul, a equipe da Justi\u00e7a estar\u00e1 atuando para o recebimento dos requerimentos dos partidos pol\u00edticos.<\/p>\n\n\n\n<p><strong>Mas a partir de quando essas entidades j\u00e1 podem solicitar o registro das candidaturas?<\/strong><\/p>\n\n\n\n<p>Ap\u00f3s a escolha das candidatas e dos candidatos em conven\u00e7\u00f5es partid\u00e1rias \u2013 que podem ser realizadas entre os dias 20 de julho e 5 de agosto \u2013, as legendas j\u00e1 podem solicitar o registro das candidaturas \u00e0 Justi\u00e7a Eleitoral.<\/p>\n\n\n\n<figure class=\"wp-block-image size-large\"><img loading=\"lazy\" decoding=\"async\" width=\"1024\" height=\"390\" src=\"https:\/\/radiostudiow.com.br\/site\/wp-content\/uploads\/2024\/06\/449383450_900410565459867_7398886830294326458_n-1024x390.png\" alt=\"\" class=\"wp-image-24042\" srcset=\"https:\/\/radiostudiow.com.br\/site\/wp-content\/uploads\/2024\/06\/449383450_900410565459867_7398886830294326458_n-1024x390.png 1024w, https:\/\/radiostudiow.com.br\/site\/wp-content\/uploads\/2024\/06\/449383450_900410565459867_7398886830294326458_n-300x114.png 300w, https:\/\/radiostudiow.com.br\/site\/wp-content\/uploads\/2024\/06\/449383450_900410565459867_7398886830294326458_n-768x292.png 768w, https:\/\/radiostudiow.com.br\/site\/wp-content\/uploads\/2024\/06\/449383450_900410565459867_7398886830294326458_n-1536x584.png 1536w, https:\/\/radiostudiow.com.br\/site\/wp-content\/uploads\/2024\/06\/449383450_900410565459867_7398886830294326458_n-2048x779.png 2048w\" sizes=\"auto, (max-width: 1024px) 100vw, 1024px\" \/><\/figure>\n\n\n\n<p>Nesse contexto, se algum partido realizar a conven\u00e7\u00e3o logo no in\u00edcio do prazo, ele pode solicitar, imediatamente, o registro.<\/p>\n\n\n\n<p>Portanto, o prazo de in\u00edcio do registro das candidatas e dos candidatos escolhidos \u00e9 flex\u00edvel, pois depende da data da conven\u00e7\u00e3o partid\u00e1ria. Por\u00e9m, a data-limite para o registro \u00e9 fixa: 15 de agosto.<\/p>\n\n\n\n<p><em>Com informa\u00e7\u00f5es Justi\u00e7a Eleitoral<\/em><\/p>\n","protected":false},"excerpt":{"rendered":"<p>De acordo com o\u00a0calend\u00e1rio\u00a0das Elei\u00e7\u00f5es Municipais de 2024,\u00a0o dia 15 de agosto \u00e9 a data final\u00a0para que os partidos pol\u00edticos, as federa\u00e7\u00f5es e as coliga\u00e7\u00f5es apresentem \u00e0 Justi\u00e7a Eleitoral o requerimento de registro de candidatas e candidatos aos cargos de prefeito, de vice-prefeito e de vereador. O pedido deve ser feito perante o respectivo ju\u00edzo [&hellip;]<\/p>\n","protected":false},"author":2,"featured_media":24796,"comment_status":"open","ping_status":"open","sticky":false,"template":"","format":"standard","meta":{"footnotes":""},"categories":[7],"tags":[172],"class_list":["post-24795","post","type-post","status-publish","format-standard","has-post-thumbnail","hentry","category-geral","tag-featured"],"amp_enabled":true,"_links":{"self":[{"href":"https:\/\/radiostudiow.com.br\/site\/wp-json\/wp\/v2\/posts\/24795","targetHints":{"allow":["GET"]}}],"collection":[{"href":"https:\/\/radiostudiow.com.br\/site\/wp-json\/wp\/v2\/posts"}],"about":[{"href":"https:\/\/radiostudiow.com.br\/site\/wp-json\/wp\/v2\/types\/post"}],"author":[{"embeddable":true,"href":"https:\/\/radiostudiow.com.br\/site\/wp-json\/wp\/v2\/users\/2"}],"replies":[{"embeddable":true,"href":"https:\/\/radiostudiow.com.br\/site\/wp-json\/wp\/v2\/comments?post=24795"}],"version-history":[{"count":1,"href":"https:\/\/radiostudiow.com.br\/site\/wp-json\/wp\/v2\/posts\/24795\/revisions"}],"predecessor-version":[{"id":24797,"href":"https:\/\/radiostudiow.com.br\/site\/wp-json\/wp\/v2\/posts\/24795\/revisions\/24797"}],"wp:featuredmedia":[{"embeddable":true,"href":"https:\/\/radiostudiow.com.br\/site\/wp-json\/wp\/v2\/media\/24796"}],"wp:attachment":[{"href":"https:\/\/radiostudiow.com.br\/site\/wp-json\/wp\/v2\/media?parent=24795"}],"wp:term":[{"taxonomy":"category","embeddable":true,"href":"https:\/\/radiostudiow.com.br\/site\/wp-json\/wp\/v2\/categories?post=24795"},{"taxonomy":"post_tag","embeddable":true,"href":"https:\/\/radiostudiow.com.br\/site\/wp-json\/wp\/v2\/tags?post=24795"}],"curies":[{"name":"wp","href":"https:\/\/api.w.org\/{rel}","templated":true}]}}