{"id":24798,"date":"2024-07-16T11:24:29","date_gmt":"2024-07-16T14:24:29","guid":{"rendered":"https:\/\/radiostudiow.com.br\/site\/?p=24798"},"modified":"2025-01-31T14:59:08","modified_gmt":"2025-01-31T17:59:08","slug":"pre-de-uniao-da-vitoria-atende-saida-de-pista-na-pr-446","status":"publish","type":"post","link":"https:\/\/radiostudiow.com.br\/site\/2024\/07\/16\/pre-de-uniao-da-vitoria-atende-saida-de-pista-na-pr-446\/","title":{"rendered":"PRE de Uni\u00e3o da Vit\u00f3ria atende sa\u00edda de pista na PR-446"},"content":{"rendered":"\n<p>Na manh\u00e3 desta ter\u00e7a-feira, 16 de julho, a Pol\u00edcia Rodovi\u00e1ria Estadual de Uni\u00e3o da Vit\u00f3ria (PRE) atendeu a um incidente de sa\u00edda de pista na PR-446, via de acesso a Porto Vit\u00f3ria.<\/p>\n\n\n\n<figure class=\"wp-block-image size-full\"><img loading=\"lazy\" decoding=\"async\" width=\"598\" height=\"204\" src=\"https:\/\/radiostudiow.com.br\/site\/wp-content\/uploads\/2024\/04\/image-39.png\" alt=\"\" class=\"wp-image-21311\" srcset=\"https:\/\/radiostudiow.com.br\/site\/wp-content\/uploads\/2024\/04\/image-39.png 598w, https:\/\/radiostudiow.com.br\/site\/wp-content\/uploads\/2024\/04\/image-39-300x102.png 300w\" sizes=\"auto, (max-width: 598px) 100vw, 598px\" \/><\/figure>\n\n\n\n<p>De acordo com relatos, o condutor de um Toyota Etios perdeu o controle do ve\u00edculo, resultando na sa\u00edda da pista. Felizmente, ningu\u00e9m ficou ferido.<\/p>\n\n\n\n<p>Testemunhas no local sugeriram que a presen\u00e7a de areia na pista possa ter sido a causa do acidente.<\/p>\n\n\n\n<figure class=\"wp-block-video\"><video controls src=\"https:\/\/radiostudiow.com.br\/site\/wp-content\/uploads\/2024\/07\/WhatsApp-Video-2024-07-16-at-10.54.15.mp4\"><\/video><\/figure>\n","protected":false},"excerpt":{"rendered":"<p>Na manh\u00e3 desta ter\u00e7a-feira, 16 de julho, a Pol\u00edcia Rodovi\u00e1ria Estadual de Uni\u00e3o da Vit\u00f3ria (PRE) atendeu a um incidente de sa\u00edda de pista na PR-446, via de acesso a Porto Vit\u00f3ria. De acordo com relatos, o condutor de um Toyota Etios perdeu o controle do ve\u00edculo, resultando na sa\u00edda da pista. Felizmente, ningu\u00e9m ficou [&hellip;]<\/p>\n","protected":false},"author":2,"featured_media":24799,"comment_status":"open","ping_status":"open","sticky":false,"template":"","format":"standard","meta":{"footnotes":""},"categories":[185],"tags":[172],"class_list":["post-24798","post","type-post","status-publish","format-standard","has-post-thumbnail","hentry","category-regional","tag-featured"],"amp_enabled":true,"_links":{"self":[{"href":"https:\/\/radiostudiow.com.br\/site\/wp-json\/wp\/v2\/posts\/24798","targetHints":{"allow":["GET"]}}],"collection":[{"href":"https:\/\/radiostudiow.com.br\/site\/wp-json\/wp\/v2\/posts"}],"about":[{"href":"https:\/\/radiostudiow.com.br\/site\/wp-json\/wp\/v2\/types\/post"}],"author":[{"embeddable":true,"href":"https:\/\/radiostudiow.com.br\/site\/wp-json\/wp\/v2\/users\/2"}],"replies":[{"embeddable":true,"href":"https:\/\/radiostudiow.com.br\/site\/wp-json\/wp\/v2\/comments?post=24798"}],"version-history":[{"count":1,"href":"https:\/\/radiostudiow.com.br\/site\/wp-json\/wp\/v2\/posts\/24798\/revisions"}],"predecessor-version":[{"id":24801,"href":"https:\/\/radiostudiow.com.br\/site\/wp-json\/wp\/v2\/posts\/24798\/revisions\/24801"}],"wp:featuredmedia":[{"embeddable":true,"href":"https:\/\/radiostudiow.com.br\/site\/wp-json\/wp\/v2\/media\/24799"}],"wp:attachment":[{"href":"https:\/\/radiostudiow.com.br\/site\/wp-json\/wp\/v2\/media?parent=24798"}],"wp:term":[{"taxonomy":"category","embeddable":true,"href":"https:\/\/radiostudiow.com.br\/site\/wp-json\/wp\/v2\/categories?post=24798"},{"taxonomy":"post_tag","embeddable":true,"href":"https:\/\/radiostudiow.com.br\/site\/wp-json\/wp\/v2\/tags?post=24798"}],"curies":[{"name":"wp","href":"https:\/\/api.w.org\/{rel}","templated":true}]}}