{"id":24802,"date":"2024-07-16T18:26:12","date_gmt":"2024-07-16T21:26:12","guid":{"rendered":"https:\/\/radiostudiow.com.br\/site\/?p=24802"},"modified":"2025-01-31T14:59:07","modified_gmt":"2025-01-31T17:59:07","slug":"copel-reverte-reducao-media-329-no-preco-da-tarifa-de-energia-eletrica-no-parana","status":"publish","type":"post","link":"https:\/\/radiostudiow.com.br\/site\/2024\/07\/16\/copel-reverte-reducao-media-329-no-preco-da-tarifa-de-energia-eletrica-no-parana\/","title":{"rendered":"Copel reverte redu\u00e7\u00e3o m\u00e9dia 3,29% no pre\u00e7o da tarifa de energia el\u00e9trica no Paran\u00e1"},"content":{"rendered":"\n<p>Cobrar 3,29% a menos na tarifa de energia el\u00e9trica foi determinado pela Ag\u00eancia Nacional de Energia El\u00e9trica (ANEEL) para a Companhia Paranaense de Energia (Copel). Mas, a alega\u00e7\u00e3o da empresa, evita a redu\u00e7\u00e3o na conta da luz, ap\u00f3s questionamento. Governo Estadual afirma n\u00e3o haver aumento, contudo cidades atendidas por outras empresas, cobram menos.<\/p>\n\n\n\n<figure class=\"wp-block-image size-full\"><img loading=\"lazy\" decoding=\"async\" width=\"598\" height=\"204\" src=\"https:\/\/radiostudiow.com.br\/site\/wp-content\/uploads\/2024\/04\/image-29.png\" alt=\"\" class=\"wp-image-21283\" srcset=\"https:\/\/radiostudiow.com.br\/site\/wp-content\/uploads\/2024\/04\/image-29.png 598w, https:\/\/radiostudiow.com.br\/site\/wp-content\/uploads\/2024\/04\/image-29-300x102.png 300w\" sizes=\"auto, (max-width: 598px) 100vw, 598px\" \/><\/figure>\n\n\n\n<p>Campo Largo, por meio da Cocel, teve redu\u00e7\u00e3o de 10,36% e tem a tarifa residencial mais barata do Paran\u00e1 e do Brasil. Guarapuava, servida pela Energisa, baixou 9,89% o valor da conta de luz aos seus mun\u00edcipes. Ao passo que, 395 munic\u00edpio atendidos pela Copel n\u00e3o ter\u00e3o aumento, contudo, tamb\u00e9m perdem o benef\u00edcio dos 3,29% a menos na fatura de energia el\u00e9trica.<\/p>\n\n\n\n<p>A empresa questionou a decis\u00e3o da ANEEL e conseguiu evitar o valor mais barato aos paranaenses. O conselho dos consumidores, ainda, tenta manter o desconto com alega\u00e7\u00f5es junto \u00e0 ag\u00eancia reguladora. Para o departamento, a Copel alegou \u201cgangorra tarif\u00e1ria\u201d onde essa varia\u00e7\u00e3o \u201cseria prejudicial ao consumidor e demais agentes\u201d. Com incerteza financeira, prejudicaria a gest\u00e3o dos custos de energia e dificultaria a previs\u00e3o or\u00e7ament\u00e1ria das empresas.<\/p>\n\n\n\n<figure class=\"wp-block-image size-large\"><img loading=\"lazy\" decoding=\"async\" width=\"1024\" height=\"390\" src=\"https:\/\/radiostudiow.com.br\/site\/wp-content\/uploads\/2024\/06\/449383450_900410565459867_7398886830294326458_n-1024x390.png\" alt=\"\" class=\"wp-image-24042\" srcset=\"https:\/\/radiostudiow.com.br\/site\/wp-content\/uploads\/2024\/06\/449383450_900410565459867_7398886830294326458_n-1024x390.png 1024w, https:\/\/radiostudiow.com.br\/site\/wp-content\/uploads\/2024\/06\/449383450_900410565459867_7398886830294326458_n-300x114.png 300w, https:\/\/radiostudiow.com.br\/site\/wp-content\/uploads\/2024\/06\/449383450_900410565459867_7398886830294326458_n-768x292.png 768w, https:\/\/radiostudiow.com.br\/site\/wp-content\/uploads\/2024\/06\/449383450_900410565459867_7398886830294326458_n-1536x584.png 1536w, https:\/\/radiostudiow.com.br\/site\/wp-content\/uploads\/2024\/06\/449383450_900410565459867_7398886830294326458_n-2048x779.png 2048w\" sizes=\"auto, (max-width: 1024px) 100vw, 1024px\" \/><\/figure>\n\n\n\n<p>Apesar de, no m\u00eas de junho, calcular o reajuste m\u00e9dio anual na tarifa de energia, com base nas informa\u00e7\u00f5es prestadas pela concession\u00e1ria de energia el\u00e9trica, e avaliar o custo menor, a ANEEL levou em conta os argumentos da Copel. A companhia alega ser compet\u00eancia da Ag\u00eancia tal decis\u00e3o, enquanto o Governo Estadual afirmou n\u00e3o ser assunto pol\u00edtico e ter garantia de n\u00e3o ter aumentos expressivos no pr\u00f3ximo dois anos, na conta de luz aos paranaenses.<\/p>\n\n\n\n<p><strong>Portal 97 com informa\u00e7\u00f5es da ANEEL, Copel e Governo do Paran\u00e1 e imagem Copel.<\/strong><\/p>\n\n\n\n<p><a href=\"https:\/\/portalculturasulfm.com.br\/\" data-type=\"link\" data-id=\"https:\/\/portalculturasulfm.com.br\/\">Portal Cultura Sul<\/a><\/p>\n","protected":false},"excerpt":{"rendered":"<p>Cobrar 3,29% a menos na tarifa de energia el\u00e9trica foi determinado pela Ag\u00eancia Nacional de Energia El\u00e9trica (ANEEL) para a Companhia Paranaense de Energia (Copel). Mas, a alega\u00e7\u00e3o da empresa, evita a redu\u00e7\u00e3o na conta da luz, ap\u00f3s questionamento. Governo Estadual afirma n\u00e3o haver aumento, contudo cidades atendidas por outras empresas, cobram menos. Campo Largo, [&hellip;]<\/p>\n","protected":false},"author":2,"featured_media":24803,"comment_status":"open","ping_status":"open","sticky":false,"template":"","format":"standard","meta":{"footnotes":""},"categories":[7],"tags":[172],"class_list":["post-24802","post","type-post","status-publish","format-standard","has-post-thumbnail","hentry","category-geral","tag-featured"],"amp_enabled":true,"_links":{"self":[{"href":"https:\/\/radiostudiow.com.br\/site\/wp-json\/wp\/v2\/posts\/24802","targetHints":{"allow":["GET"]}}],"collection":[{"href":"https:\/\/radiostudiow.com.br\/site\/wp-json\/wp\/v2\/posts"}],"about":[{"href":"https:\/\/radiostudiow.com.br\/site\/wp-json\/wp\/v2\/types\/post"}],"author":[{"embeddable":true,"href":"https:\/\/radiostudiow.com.br\/site\/wp-json\/wp\/v2\/users\/2"}],"replies":[{"embeddable":true,"href":"https:\/\/radiostudiow.com.br\/site\/wp-json\/wp\/v2\/comments?post=24802"}],"version-history":[{"count":3,"href":"https:\/\/radiostudiow.com.br\/site\/wp-json\/wp\/v2\/posts\/24802\/revisions"}],"predecessor-version":[{"id":24807,"href":"https:\/\/radiostudiow.com.br\/site\/wp-json\/wp\/v2\/posts\/24802\/revisions\/24807"}],"wp:featuredmedia":[{"embeddable":true,"href":"https:\/\/radiostudiow.com.br\/site\/wp-json\/wp\/v2\/media\/24803"}],"wp:attachment":[{"href":"https:\/\/radiostudiow.com.br\/site\/wp-json\/wp\/v2\/media?parent=24802"}],"wp:term":[{"taxonomy":"category","embeddable":true,"href":"https:\/\/radiostudiow.com.br\/site\/wp-json\/wp\/v2\/categories?post=24802"},{"taxonomy":"post_tag","embeddable":true,"href":"https:\/\/radiostudiow.com.br\/site\/wp-json\/wp\/v2\/tags?post=24802"}],"curies":[{"name":"wp","href":"https:\/\/api.w.org\/{rel}","templated":true}]}}