{"id":24847,"date":"2024-07-17T19:00:18","date_gmt":"2024-07-17T22:00:18","guid":{"rendered":"https:\/\/radiostudiow.com.br\/site\/?p=24847"},"modified":"2025-01-31T14:59:07","modified_gmt":"2025-01-31T17:59:07","slug":"atencao-mallet-partidos-psd-e-pp-convocam-para-convencao-municipal","status":"publish","type":"post","link":"https:\/\/radiostudiow.com.br\/site\/2024\/07\/17\/atencao-mallet-partidos-psd-e-pp-convocam-para-convencao-municipal\/","title":{"rendered":"Aten\u00e7\u00e3o Mallet: Partidos PSD e PP convocam para Conven\u00e7\u00e3o Municipal"},"content":{"rendered":"\n<p>Os presidentes da Comiss\u00e3o Executiva dos partidos PSD (Partido Social Democr\u00e1tico) e PP (Partido Progressista) da cidade de Mallet est\u00e3o convocando todos os convencionais com direito a voto para participar da Conven\u00e7\u00e3o Municipal.<\/p>\n\n\n\n<p>Este evento \u00e9 crucial para a escolha dos candidatos a prefeito e vice-prefeito, al\u00e9m da sele\u00e7\u00e3o da chapa de vereadores que disputar\u00e3o as pr\u00f3ximas elei\u00e7\u00f5es municipais.<\/p>\n\n\n\n<p>Detalhes dos Editais de Convoca\u00e7\u00e3o<\/p>\n\n\n\n<p>Os editais de convoca\u00e7\u00e3o foram emitidos para garantir a ampla participa\u00e7\u00e3o de todos os membros convencionais.<\/p>\n\n\n\n<p>A presen\u00e7a e o voto de cada convencional s\u00e3o fundamentais para o processo democr\u00e1tico interno dos partidos. As decis\u00f5es tomadas nesta conven\u00e7\u00e3o ter\u00e3o um impacto significativo nas futuras elei\u00e7\u00f5es, determinando os representantes que ir\u00e3o concorrer pelo PSD e PP.<\/p>\n\n\n\n<p>Import\u00e2ncia da Participa\u00e7\u00e3o<\/p>\n\n\n\n<p>A participa\u00e7\u00e3o ativa de todos os convencionais \u00e9 essencial para garantir que os candidatos escolhidos representem verdadeiramente os valores e interesses de seus partidos e da comunidade de Mallet.<\/p>\n\n\n\n<p>Este \u00e9 um momento decisivo onde a voz de cada membro faz a diferen\u00e7a na defini\u00e7\u00e3o dos rumos pol\u00edticos da cidade.<\/p>\n\n\n\n<p>Para mais informa\u00e7\u00f5es, consulte os editais de convoca\u00e7\u00e3o dispon\u00edveis abaixo.<\/p>\n\n\n\n<figure class=\"wp-block-image size-large\"><img loading=\"lazy\" decoding=\"async\" width=\"708\" height=\"1024\" src=\"https:\/\/radiostudiow.com.br\/site\/wp-content\/uploads\/2024\/07\/Edital-PP-708x1024.png\" alt=\"\" class=\"wp-image-24848\" srcset=\"https:\/\/radiostudiow.com.br\/site\/wp-content\/uploads\/2024\/07\/Edital-PP-708x1024.png 708w, https:\/\/radiostudiow.com.br\/site\/wp-content\/uploads\/2024\/07\/Edital-PP-207x300.png 207w, https:\/\/radiostudiow.com.br\/site\/wp-content\/uploads\/2024\/07\/Edital-PP-768x1111.png 768w, https:\/\/radiostudiow.com.br\/site\/wp-content\/uploads\/2024\/07\/Edital-PP-1062x1536.png 1062w, https:\/\/radiostudiow.com.br\/site\/wp-content\/uploads\/2024\/07\/Edital-PP-1416x2048.png 1416w, https:\/\/radiostudiow.com.br\/site\/wp-content\/uploads\/2024\/07\/Edital-PP.png 1527w\" sizes=\"auto, (max-width: 708px) 100vw, 708px\" \/><\/figure>\n\n\n\n<figure class=\"wp-block-image size-large\"><img loading=\"lazy\" decoding=\"async\" width=\"714\" height=\"1024\" src=\"https:\/\/radiostudiow.com.br\/site\/wp-content\/uploads\/2024\/07\/Edital-PSD-714x1024.png\" alt=\"\" class=\"wp-image-24849\" srcset=\"https:\/\/radiostudiow.com.br\/site\/wp-content\/uploads\/2024\/07\/Edital-PSD-714x1024.png 714w, https:\/\/radiostudiow.com.br\/site\/wp-content\/uploads\/2024\/07\/Edital-PSD-209x300.png 209w, https:\/\/radiostudiow.com.br\/site\/wp-content\/uploads\/2024\/07\/Edital-PSD-768x1102.png 768w, https:\/\/radiostudiow.com.br\/site\/wp-content\/uploads\/2024\/07\/Edital-PSD-1071x1536.png 1071w, https:\/\/radiostudiow.com.br\/site\/wp-content\/uploads\/2024\/07\/Edital-PSD-1428x2048.png 1428w, https:\/\/radiostudiow.com.br\/site\/wp-content\/uploads\/2024\/07\/Edital-PSD.png 1473w\" sizes=\"auto, (max-width: 714px) 100vw, 714px\" \/><\/figure>\n","protected":false},"excerpt":{"rendered":"<p>Os presidentes da Comiss\u00e3o Executiva dos partidos PSD (Partido Social Democr\u00e1tico) e PP (Partido Progressista) da cidade de Mallet est\u00e3o convocando todos os convencionais com direito a voto para participar da Conven\u00e7\u00e3o Municipal. Este evento \u00e9 crucial para a escolha dos candidatos a prefeito e vice-prefeito, al\u00e9m da sele\u00e7\u00e3o da chapa de vereadores que disputar\u00e3o [&hellip;]<\/p>\n","protected":false},"author":2,"featured_media":24850,"comment_status":"open","ping_status":"open","sticky":false,"template":"","format":"standard","meta":{"footnotes":""},"categories":[7],"tags":[172],"class_list":["post-24847","post","type-post","status-publish","format-standard","has-post-thumbnail","hentry","category-geral","tag-featured"],"amp_enabled":true,"_links":{"self":[{"href":"https:\/\/radiostudiow.com.br\/site\/wp-json\/wp\/v2\/posts\/24847","targetHints":{"allow":["GET"]}}],"collection":[{"href":"https:\/\/radiostudiow.com.br\/site\/wp-json\/wp\/v2\/posts"}],"about":[{"href":"https:\/\/radiostudiow.com.br\/site\/wp-json\/wp\/v2\/types\/post"}],"author":[{"embeddable":true,"href":"https:\/\/radiostudiow.com.br\/site\/wp-json\/wp\/v2\/users\/2"}],"replies":[{"embeddable":true,"href":"https:\/\/radiostudiow.com.br\/site\/wp-json\/wp\/v2\/comments?post=24847"}],"version-history":[{"count":1,"href":"https:\/\/radiostudiow.com.br\/site\/wp-json\/wp\/v2\/posts\/24847\/revisions"}],"predecessor-version":[{"id":24851,"href":"https:\/\/radiostudiow.com.br\/site\/wp-json\/wp\/v2\/posts\/24847\/revisions\/24851"}],"wp:featuredmedia":[{"embeddable":true,"href":"https:\/\/radiostudiow.com.br\/site\/wp-json\/wp\/v2\/media\/24850"}],"wp:attachment":[{"href":"https:\/\/radiostudiow.com.br\/site\/wp-json\/wp\/v2\/media?parent=24847"}],"wp:term":[{"taxonomy":"category","embeddable":true,"href":"https:\/\/radiostudiow.com.br\/site\/wp-json\/wp\/v2\/categories?post=24847"},{"taxonomy":"post_tag","embeddable":true,"href":"https:\/\/radiostudiow.com.br\/site\/wp-json\/wp\/v2\/tags?post=24847"}],"curies":[{"name":"wp","href":"https:\/\/api.w.org\/{rel}","templated":true}]}}